{"id":15823,"date":"2023-09-03T10:30:18","date_gmt":"2023-10-26T16:30:18","guid":{"rendered":"https:\/\/fge.oaxaca.gob.mx\/?post_type=noticias&amp;p=5379"},"modified":"2023-09-03T10:30:18","modified_gmt":"2023-10-26T16:30:18","slug":"queda-vinculado-a-proceso-por-asalto-a-un-oxxo-fiscalia-de-oaxaca","status":"publish","type":"noticias","link":"https:\/\/portal.fgeo.gob.mx\/index.php\/archivos\/noticias\/queda-vinculado-a-proceso-por-asalto-a-un-oxxo-fiscalia-de-oaxaca","title":{"rendered":"Queda vinculado a proceso por asalto a un OXXO: Fiscal\u00eda de Oaxaca"},"content":{"rendered":"<p dir=\"ltr\" style=\"text-align: justify;\">\n    <b>Oaxaca de Ju\u00e1rez, Oax., a 03 de septiembre de 2023.- <\/b>La Fiscal\u00eda General del Estado de Oaxaca (FGEO) obtuvo auto de vinculaci\u00f3n a proceso en contra de una persona del sexo masculino identificada como O. M. A., por el delito de Robo Calificado en agravio de un OXXO, cometido en la regi\u00f3n de la Cuenca del Papaloapan.<\/p>\n<p style=\"text-align: justify;\">\n<p dir=\"ltr\" style=\"text-align: justify;\">\nLos hechos criminales sucedieron el 7 de agosto de 2023, en una sucursal de la cadena de tiendas de conveniencia llamadas OXXO S.A. de C.V., la cual est\u00e1 ubicada en la colonia El Rub\u00ed, en San Juan Bautista Tuxtepec, la cual fue asaltada con violencia.\n<\/p>\n<p style=\"text-align: justify;\">\n<p dir=\"ltr\" style=\"text-align: justify;\">\nLuego de la comisi\u00f3n del delito, la Polic\u00eda Municipal de Tuxtepec intervino oportunamente, logrando la detenci\u00f3n en flagrancia de O. M. A., quien inmediatamente despu\u00e9s fue presentado ante la autoridad ministerial correspondiente.\n<\/p>\n<p style=\"text-align: justify;\">\n<p dir=\"ltr\" style=\"text-align: justify;\">\nCuando la Fiscal\u00eda tom\u00f3 conocimiento de los hechos, intervino a trav\u00e9s de la Vicefiscal\u00eda Regional de la Cuenca, que realiz\u00f3 las investigaciones que, luego de ser presentadas ante el Juez que atiende la causa, permitieron obtener auto de vinculaci\u00f3n a proceso en contra de O. M. A., por el delito de Robo Calificado con Violencia Moral, por lo que impusieron prisi\u00f3n preventiva como medida cautelar, adem\u00e1s que otorgaron un mes para el cierre de la investigaci\u00f3n complementaria.\n<\/p>\n<p style=\"text-align: justify;\">\n<p dir=\"ltr\" style=\"text-align: justify;\">\nLa Fiscal\u00eda de Oaxaca realiza los trabajos necesarios y oportunos para que la procuraci\u00f3n de justicia sea el canal legal para que las v\u00edctimas tengan acceso pleno a la justicia.<\/p>\n","protected":false},"author":3,"featured_media":3175,"comment_status":"closed","ping_status":"closed","template":"","tags":[],"categoria_noticias":[],"class_list":["post-15823","noticias","type-noticias","status-publish","has-post-thumbnail","hentry"],"acf":[],"mb":[],"mfb_rest_fields":["title","gutenberg_elementor_mode"],"_links":{"self":[{"href":"https:\/\/portal.fgeo.gob.mx\/index.php\/wp-json\/wp\/v2\/noticias\/15823","targetHints":{"allow":["GET"]}}],"collection":[{"href":"https:\/\/portal.fgeo.gob.mx\/index.php\/wp-json\/wp\/v2\/noticias"}],"about":[{"href":"https:\/\/portal.fgeo.gob.mx\/index.php\/wp-json\/wp\/v2\/types\/noticias"}],"author":[{"embeddable":true,"href":"https:\/\/portal.fgeo.gob.mx\/index.php\/wp-json\/wp\/v2\/users\/3"}],"replies":[{"embeddable":true,"href":"https:\/\/portal.fgeo.gob.mx\/index.php\/wp-json\/wp\/v2\/comments?post=15823"}],"wp:featuredmedia":[{"embeddable":true,"href":"https:\/\/portal.fgeo.gob.mx\/index.php\/wp-json\/"}],"wp:attachment":[{"href":"https:\/\/portal.fgeo.gob.mx\/index.php\/wp-json\/wp\/v2\/media?parent=15823"}],"wp:term":[{"taxonomy":"post_tag","embeddable":true,"href":"https:\/\/portal.fgeo.gob.mx\/index.php\/wp-json\/wp\/v2\/tags?post=15823"},{"taxonomy":"categoria_noticias","embeddable":true,"href":"https:\/\/portal.fgeo.gob.mx\/index.php\/wp-json\/wp\/v2\/categoria_noticias?post=15823"}],"curies":[{"name":"wp","href":"https:\/\/api.w.org\/{rel}","templated":true}]}}