{"id":15819,"date":"2023-08-29T15:13:46","date_gmt":"2023-10-24T21:13:46","guid":{"rendered":"https:\/\/fge.oaxaca.gob.mx\/?post_type=noticias&amp;p=5372"},"modified":"2023-08-29T15:13:46","modified_gmt":"2023-10-24T21:13:46","slug":"refrenda-fiscalia-de-oaxaca-combate-a-la-violencia-familiar-obtiene-vinculacion-a-proceso-contra-dos-imputados-por-este-delito","status":"publish","type":"noticias","link":"https:\/\/portal.fgeo.gob.mx\/index.php\/archivos\/noticias\/refrenda-fiscalia-de-oaxaca-combate-a-la-violencia-familiar-obtiene-vinculacion-a-proceso-contra-dos-imputados-por-este-delito","title":{"rendered":"Refrenda Fiscal\u00eda de Oaxaca combate a la violencia familiar; obtiene vinculaci\u00f3n a proceso contra dos imputados por este delito"},"content":{"rendered":"<p dir=\"ltr\" style=\"text-align: justify;\">\n<p>    <b>Oaxaca de Ju\u00e1rez, Oax., a 29 de agosto de 2023.- <\/b>La Fiscal\u00eda General del Estado de Oaxaca (FGEO) obtuvo auto de vinculaci\u00f3n a proceso contra dos personas del sexo masculino por dos diferentes casos en los que se investiga la comisi\u00f3n del delito de Violencia Familiar, en hechos ocurridos en las regiones de los Valles Centrales y Costa.<\/p>\n<p style=\"text-align: justify;\">\n<p dir=\"ltr\" style=\"text-align: justify;\">El primer hecho sucedi\u00f3 en el municipio de San Agust\u00edn Yatareni, en un domicilio particular donde la v\u00edctima sufri\u00f3 violencia f\u00edsica y verbal.\n<\/p>\n<p style=\"text-align: justify;\">\n<p dir=\"ltr\" style=\"text-align: justify;\">Por esta situaci\u00f3n, acudi\u00f3 ante la Fiscal\u00eda Especializada para la Atenci\u00f3n de Delitos contra la Mujer por Raz\u00f3n de G\u00e9nero, la cual inici\u00f3 con las investigaciones que permitieron la obtenci\u00f3n de una orden de aprehensi\u00f3n por el caso.\n<\/p>\n<p style=\"text-align: justify;\">\n<p dir=\"ltr\" style=\"text-align: justify;\">Luego que elementos de la Agencia Estatal de Investigaciones ejecutaron el mandato judicial y detuvieron a R.C.L., quien fue presentado ante el Juez de Control, \u00e9ste dict\u00f3 auto de vinculaci\u00f3n a proceso e impuso la medida cautelar de prisi\u00f3n preventiva justificada, otorgando tres meses para el cierre de investigaci\u00f3n complementaria.\n<\/p>\n<p style=\"text-align: justify;\">\n<p dir=\"ltr\" style=\"text-align: justify;\">\nEl segundo caso sucedi\u00f3 el 20 de agosto de 2023, en un domicilio particular de Pinotepa Nacional, donde las v\u00edctimas fueron agredidas de manera f\u00edsica.<\/p>\n<p style=\"text-align: justify;\">\n<p dir=\"ltr\" style=\"text-align: justify;\">\nAl tener conocimiento de los hechos, la Vicefiscal\u00eda Regional de la Costa inici\u00f3 las investigaciones que permitieron la obtenci\u00f3n de una orden de aprehensi\u00f3n que se ejecut\u00f3 en contra de P. M. S., quien fue presentado ante el Juez que atiende la causa, el cual dict\u00f3 auto de vinculaci\u00f3n a proceso en contra del imputado por el delito de Violencia Familiar, imponiendo prisi\u00f3n preventiva, adem\u00e1s de otorgar un mes y medio para el cierre de la investigaci\u00f3n complementaria.\n<\/p>\n<p style=\"text-align: justify;\">\n<p dir=\"ltr\" style=\"text-align: justify;\">La Fiscal\u00eda de Oaxaca reitera su compromiso de llevar ante la Justicia a todo aquel que vulnere los derechos y la integridad de ni\u00f1as, ni\u00f1os, adolescentes y mujeres, al cometer delitos relacionados a la violencia de g\u00e9nero.<\/p>\n","protected":false},"author":3,"featured_media":3175,"comment_status":"closed","ping_status":"closed","template":"","tags":[],"categoria_noticias":[],"class_list":["post-15819","noticias","type-noticias","status-publish","has-post-thumbnail","hentry"],"acf":[],"mb":[],"mfb_rest_fields":["title","gutenberg_elementor_mode"],"_links":{"self":[{"href":"https:\/\/portal.fgeo.gob.mx\/index.php\/wp-json\/wp\/v2\/noticias\/15819","targetHints":{"allow":["GET"]}}],"collection":[{"href":"https:\/\/portal.fgeo.gob.mx\/index.php\/wp-json\/wp\/v2\/noticias"}],"about":[{"href":"https:\/\/portal.fgeo.gob.mx\/index.php\/wp-json\/wp\/v2\/types\/noticias"}],"author":[{"embeddable":true,"href":"https:\/\/portal.fgeo.gob.mx\/index.php\/wp-json\/wp\/v2\/users\/3"}],"replies":[{"embeddable":true,"href":"https:\/\/portal.fgeo.gob.mx\/index.php\/wp-json\/wp\/v2\/comments?post=15819"}],"wp:featuredmedia":[{"embeddable":true,"href":"https:\/\/portal.fgeo.gob.mx\/index.php\/wp-json\/"}],"wp:attachment":[{"href":"https:\/\/portal.fgeo.gob.mx\/index.php\/wp-json\/wp\/v2\/media?parent=15819"}],"wp:term":[{"taxonomy":"post_tag","embeddable":true,"href":"https:\/\/portal.fgeo.gob.mx\/index.php\/wp-json\/wp\/v2\/tags?post=15819"},{"taxonomy":"categoria_noticias","embeddable":true,"href":"https:\/\/portal.fgeo.gob.mx\/index.php\/wp-json\/wp\/v2\/categoria_noticias?post=15819"}],"curies":[{"name":"wp","href":"https:\/\/api.w.org\/{rel}","templated":true}]}}