{"id":15816,"date":"2023-08-28T15:13:28","date_gmt":"2023-10-24T21:13:28","guid":{"rendered":"https:\/\/fge.oaxaca.gob.mx\/?post_type=noticias&amp;p=5366"},"modified":"2023-08-28T15:13:28","modified_gmt":"2023-10-24T21:13:28","slug":"obtiene-fiscalia-de-oaxaca-vinculacion-a-proceso-por-homicidio-de-una-mujer-ocurrido-en-la-mixteca","status":"publish","type":"noticias","link":"https:\/\/portal.fgeo.gob.mx\/index.php\/archivos\/noticias\/obtiene-fiscalia-de-oaxaca-vinculacion-a-proceso-por-homicidio-de-una-mujer-ocurrido-en-la-mixteca","title":{"rendered":"Obtiene Fiscal\u00eda de Oaxaca vinculaci\u00f3n a proceso por homicidio de una mujer ocurrido en la Mixteca"},"content":{"rendered":"<p dir=\"ltr\" style=\"text-align: justify;\">\n    <b>Oaxaca de Ju\u00e1rez, Oax., a 28 de agosto de 2023.-<\/b> La Fiscal\u00eda General del Estado de Oaxaca (FGEO) obtuvo auto de vinculaci\u00f3n a proceso en contra de S. L. H., alias &#8220;El Chava&#8221;, por el delito de Homicidio Calificado y Lesiones, provocadas contra una mujer y un hombre, respectivamente; en hechos ocurridos en la regi\u00f3n de la Mixteca.<\/p>\n<p style=\"text-align: justify;\">\n<p dir=\"ltr\" style=\"text-align: justify;\">Los sucesos acontecieron el 19 de abril de 2023, cuando las dos v\u00edctimas, D. S. C. (mujer) y B. A. P. R. (hombre), se encontraban en las canchas de basquetbol en inmediaciones del auditorio municipal, ubicado en la Colonia la Merced, del municipio de Huajuapan de Le\u00f3n.\n<\/p>\n<p style=\"text-align: justify;\">\n<p dir=\"ltr\" style=\"text-align: justify;\">En el lugar, las v\u00edctimas fueron interceptadas por un grupo de personas armadas que dispararon en su contra, agresi\u00f3n por la cual perdi\u00f3 la vida D. S. C., mientras que B. A. P. R. sobrevivi\u00f3 pero result\u00f3 con lesiones provocadas por arma de fuego.\n<\/p>\n<p style=\"text-align: justify;\">\n<p dir=\"ltr\" style=\"text-align: justify;\">La FGEO tom\u00f3 conocimiento de los hechos y se inici\u00f3 la investigaci\u00f3n correspondiente a trav\u00e9s de la Vicefiscal\u00eda Regional de la Mixteca, que obtuvo una orden de aprehensi\u00f3n que se ejecut\u00f3 en contra &#8220;El Chava&#8221;\n<\/p>\n<p style=\"text-align: justify;\">\n<p dir=\"ltr\" style=\"text-align: justify;\">Luego de presentar los datos de prueba suficientes, el Juez que atiende la causa dict\u00f3 auto de vinculaci\u00f3n a proceso en contra de S. L. H., alias &#8220;El Chava&#8221;, por los delitos de homicidio calificado con ventaja y lesiones que pusieron en peligro la vida, adem\u00e1s que le impuso prisi\u00f3n preventiva justificada y otorg\u00f3 un mes y medio para el cierre de la investigaci\u00f3n complementaria.<\/p>\n<p style=\"text-align: justify;\">\n<p dir=\"ltr\" style=\"text-align: justify;\">Con esta acci\u00f3n penal, ya son dos las personas vinculadas a proceso por este caso, el primero de ellos es J. M. C. S., cuyo plazo vence el pr\u00f3ximo 19 de septiembre, por lo que se encuentra bajo prisi\u00f3n preventiva a reserva de lo que se resuelva en la pr\u00f3xima audiencia.<\/p>\n<p style=\"text-align: justify;\">\n<p dir=\"ltr\" style=\"text-align: justify;\">La Fiscal\u00eda de Oaxaca entrega resultados positivos y tangibles al realizar labores de procuraci\u00f3n de justicia por delitos de alto impacto, para contribuir con la estrategia de seguridad de la entidad para garantizar la paz social en las comunidades.<\/p>\n","protected":false},"author":3,"featured_media":3175,"comment_status":"closed","ping_status":"closed","template":"","tags":[],"categoria_noticias":[],"class_list":["post-15816","noticias","type-noticias","status-publish","has-post-thumbnail","hentry"],"acf":[],"mb":[],"mfb_rest_fields":["title","gutenberg_elementor_mode"],"_links":{"self":[{"href":"https:\/\/portal.fgeo.gob.mx\/index.php\/wp-json\/wp\/v2\/noticias\/15816","targetHints":{"allow":["GET"]}}],"collection":[{"href":"https:\/\/portal.fgeo.gob.mx\/index.php\/wp-json\/wp\/v2\/noticias"}],"about":[{"href":"https:\/\/portal.fgeo.gob.mx\/index.php\/wp-json\/wp\/v2\/types\/noticias"}],"author":[{"embeddable":true,"href":"https:\/\/portal.fgeo.gob.mx\/index.php\/wp-json\/wp\/v2\/users\/3"}],"replies":[{"embeddable":true,"href":"https:\/\/portal.fgeo.gob.mx\/index.php\/wp-json\/wp\/v2\/comments?post=15816"}],"wp:featuredmedia":[{"embeddable":true,"href":"https:\/\/portal.fgeo.gob.mx\/index.php\/wp-json\/"}],"wp:attachment":[{"href":"https:\/\/portal.fgeo.gob.mx\/index.php\/wp-json\/wp\/v2\/media?parent=15816"}],"wp:term":[{"taxonomy":"post_tag","embeddable":true,"href":"https:\/\/portal.fgeo.gob.mx\/index.php\/wp-json\/wp\/v2\/tags?post=15816"},{"taxonomy":"categoria_noticias","embeddable":true,"href":"https:\/\/portal.fgeo.gob.mx\/index.php\/wp-json\/wp\/v2\/categoria_noticias?post=15816"}],"curies":[{"name":"wp","href":"https:\/\/api.w.org\/{rel}","templated":true}]}}