{"id":15814,"date":"2023-08-27T15:13:04","date_gmt":"2023-10-24T21:13:04","guid":{"rendered":"https:\/\/fge.oaxaca.gob.mx\/?post_type=noticias&amp;p=5364"},"modified":"2023-08-27T15:13:04","modified_gmt":"2023-10-24T21:13:04","slug":"fiscalia-detiene-a-una-persona-por-violacion-tumultuaria-cometida-en-la-ciudad-de-oaxaca","status":"publish","type":"noticias","link":"https:\/\/portal.fgeo.gob.mx\/index.php\/archivos\/noticias\/fiscalia-detiene-a-una-persona-por-violacion-tumultuaria-cometida-en-la-ciudad-de-oaxaca","title":{"rendered":"Fiscal\u00eda detiene a una persona por violaci\u00f3n tumultuaria cometida en la ciudad de Oaxaca"},"content":{"rendered":"<p dir=\"ltr\" style=\"text-align: justify;\"><b>Oaxaca de Ju\u00e1rez, Oax., a 27 de agosto de 2023.-<\/b> La Fiscal\u00eda General del Estado de Oaxaca (FGEO) detuvo, al dar cumplimiento a una orden de aprehensi\u00f3n ejecutada por elementos de la Agencia Estatal de Investigaciones (AEI), a la persona del sexo masculino identificada como G. C.C., por el delito de Violaci\u00f3n Tumultuaria, cometida en le regi\u00f3n de los Valles Centrales.\n<\/p>\n<p style=\"text-align: justify;\">\n<p dir=\"ltr\" style=\"text-align: justify;\">Los hechos ocurrieron en el a\u00f1o de 2018, cuando la v\u00edctima (cuya identidad est\u00e1 reservada) sufri\u00f3 un ataque sexual cometido por varias personas que la agredieron, suceso ocurrido en el municipio de Oaxaca de Ju\u00e1rez.\n<\/p>\n<p style=\"text-align: justify;\">\n<p dir=\"ltr\" style=\"text-align: justify;\">A partir de que la FGEO tuvo conocimiento del caso, un equipo especializado en investigaci\u00f3n de delitos cometidos contra la mujer por raz\u00f3n de g\u00e9nero se hizo cargo de las indagatorias que permitieron obtener una orden de aprehensi\u00f3n.<\/p>\n<p style=\"text-align: justify;\">\n<p dir=\"ltr\" style=\"text-align: justify;\">Elementos de la Agencia Estatal de Investigaciones (AEI) se dieron a la tarea de dar con el paradero de G. C. C., a quien rastrearon y establecieron que se encontraba en el municipio de Magdalena Tequisistl\u00e1n, en el Istmo de Tehuantepec, a donde acudieron para detenerlo y darle cumplimiento al mandato judicial.\n<\/p>\n<p style=\"text-align: justify;\">\n<p dir=\"ltr\" style=\"text-align: justify;\">\u00a0Tras su captura, el imputado fue trasladado a la capital del estado para ponerlo a disposici\u00f3n de las autoridades que lo requirieron, quienes determinar\u00e1n su situaci\u00f3n jur\u00eddica.<\/p>\n<p style=\"text-align: justify;\">\n<p dir=\"ltr\" style=\"text-align: justify;\">La Fiscal\u00eda de Oaxaca realiza acciones asertivas para dar resultados tangibles en cuanto a la investigaci\u00f3n de delitos, como parte de las labores y obligaciones encaminadas a la procuraci\u00f3n de justicia.<\/p>\n","protected":false},"author":3,"featured_media":3175,"comment_status":"closed","ping_status":"closed","template":"","tags":[],"categoria_noticias":[],"class_list":["post-15814","noticias","type-noticias","status-publish","has-post-thumbnail","hentry"],"acf":[],"mb":[],"mfb_rest_fields":["title","gutenberg_elementor_mode"],"_links":{"self":[{"href":"https:\/\/portal.fgeo.gob.mx\/index.php\/wp-json\/wp\/v2\/noticias\/15814","targetHints":{"allow":["GET"]}}],"collection":[{"href":"https:\/\/portal.fgeo.gob.mx\/index.php\/wp-json\/wp\/v2\/noticias"}],"about":[{"href":"https:\/\/portal.fgeo.gob.mx\/index.php\/wp-json\/wp\/v2\/types\/noticias"}],"author":[{"embeddable":true,"href":"https:\/\/portal.fgeo.gob.mx\/index.php\/wp-json\/wp\/v2\/users\/3"}],"replies":[{"embeddable":true,"href":"https:\/\/portal.fgeo.gob.mx\/index.php\/wp-json\/wp\/v2\/comments?post=15814"}],"wp:featuredmedia":[{"embeddable":true,"href":"https:\/\/portal.fgeo.gob.mx\/index.php\/wp-json\/"}],"wp:attachment":[{"href":"https:\/\/portal.fgeo.gob.mx\/index.php\/wp-json\/wp\/v2\/media?parent=15814"}],"wp:term":[{"taxonomy":"post_tag","embeddable":true,"href":"https:\/\/portal.fgeo.gob.mx\/index.php\/wp-json\/wp\/v2\/tags?post=15814"},{"taxonomy":"categoria_noticias","embeddable":true,"href":"https:\/\/portal.fgeo.gob.mx\/index.php\/wp-json\/wp\/v2\/categoria_noticias?post=15814"}],"curies":[{"name":"wp","href":"https:\/\/api.w.org\/{rel}","templated":true}]}}