{"id":15813,"date":"2023-08-25T14:27:33","date_gmt":"2023-08-25T20:27:33","guid":{"rendered":"http:\/\/fge.oaxaca.gob.mx\/?post_type=noticias&amp;p=5298"},"modified":"2023-08-25T14:27:33","modified_gmt":"2023-08-25T20:27:33","slug":"fgeo-obtiene-vinculacion-a-proceso-contra-imputado-por-homicidio-cometido-en-la-sierra-de-flores-magon","status":"publish","type":"noticias","link":"https:\/\/portal.fgeo.gob.mx\/index.php\/archivos\/noticias\/fgeo-obtiene-vinculacion-a-proceso-contra-imputado-por-homicidio-cometido-en-la-sierra-de-flores-magon","title":{"rendered":"FGEO obtiene vinculaci\u00f3n a proceso contra imputado por homicidio cometido en la Sierra de Flores Mag\u00f3n"},"content":{"rendered":"<p dir=\"ltr\" style=\"text-align: justify;\">Oaxaca de Ju\u00e1rez, Oax., a 25 de agosto de 2023.-\u00a0La Fiscal\u00eda General del Estado de Oaxaca (FGEO) obtuvo auto de vinculaci\u00f3n a proceso en contra de L.P.V., imputado por el delito de homicidio calificado, cometido en agravio de una persona del sexo masculino identificada como M.P.V.; hechos ocurridos en la localidad de Portezuelo, municipio de Santa Ana Cuauht\u00e9moc, en la regi\u00f3n de la Sierra de Flores Mag\u00f3n.<\/p>\n<p style=\"text-align: justify;\">\n<p dir=\"ltr\" style=\"text-align: justify;\">De acuerdo con la causa penal, el 20 de noviembre de 2019, la v\u00edctima se encontraba sobre la carretera cuando fue lesionado con un cuchillo, por lo que fue trasladado para su atenci\u00f3n m\u00e9dica, permaneciendo internado hasta el 17 de diciembre de 2019, fecha en que perdi\u00f3 la vida por estos hechos.<\/p>\n<p style=\"text-align: justify;\">\n<p dir=\"ltr\" style=\"text-align: justify;\">Cuando la FGEO tuvo conocimiento de los hechos, el caso qued\u00f3 a cargo de la Vicefiscal\u00eda General de Control Regional que inici\u00f3 las investigaciones, por las que inicialmente despleg\u00f3 un equipo multidisciplinario que proces\u00f3 la escena del crimen para asegurar indicios con el objetivo de establecer las l\u00edneas que permitan la resoluci\u00f3n de este homicidio.<\/p>\n<p style=\"text-align: justify;\">\n<p dir=\"ltr\" style=\"text-align: justify;\">Derivado de las indagatorias, se establecieron s\u00f3lidas l\u00edneas de investigaci\u00f3n, por lo cual se libr\u00f3 la orden de aprehensi\u00f3n, misma que fue ejecutada en contra del imputado L.P.V., quien fue puesto a disposici\u00f3n del Juez de Control del Circuito Judicial de la Ca\u00f1ada, el cual dict\u00f3 auto de vinculaci\u00f3n a proceso por el delito de Homicidio Calificado con Ventaja, adem\u00e1s que impuso prisi\u00f3n preventiva y otorg\u00f3 tres meses para el cierre de la investigaci\u00f3n.<\/p>\n<p style=\"text-align: justify;\">\n<p dir=\"ltr\" style=\"text-align: justify;\">\u00a0El empleo de protocolos de investigaci\u00f3n y la aplicaci\u00f3n de t\u00e9cnicas cient\u00edficas en las investigaciones de cr\u00edmenes, permiten a la Fiscal\u00eda de Oaxaca tener certeza en los trabajos de procuraci\u00f3n de justicia en el estado.<\/p>\n","protected":false},"author":1,"featured_media":3175,"comment_status":"closed","ping_status":"closed","template":"","tags":[],"categoria_noticias":[],"class_list":["post-15813","noticias","type-noticias","status-publish","has-post-thumbnail","hentry"],"acf":[],"mb":[],"mfb_rest_fields":["title","gutenberg_elementor_mode"],"_links":{"self":[{"href":"https:\/\/portal.fgeo.gob.mx\/index.php\/wp-json\/wp\/v2\/noticias\/15813","targetHints":{"allow":["GET"]}}],"collection":[{"href":"https:\/\/portal.fgeo.gob.mx\/index.php\/wp-json\/wp\/v2\/noticias"}],"about":[{"href":"https:\/\/portal.fgeo.gob.mx\/index.php\/wp-json\/wp\/v2\/types\/noticias"}],"author":[{"embeddable":true,"href":"https:\/\/portal.fgeo.gob.mx\/index.php\/wp-json\/wp\/v2\/users\/1"}],"replies":[{"embeddable":true,"href":"https:\/\/portal.fgeo.gob.mx\/index.php\/wp-json\/wp\/v2\/comments?post=15813"}],"wp:featuredmedia":[{"embeddable":true,"href":"https:\/\/portal.fgeo.gob.mx\/index.php\/wp-json\/"}],"wp:attachment":[{"href":"https:\/\/portal.fgeo.gob.mx\/index.php\/wp-json\/wp\/v2\/media?parent=15813"}],"wp:term":[{"taxonomy":"post_tag","embeddable":true,"href":"https:\/\/portal.fgeo.gob.mx\/index.php\/wp-json\/wp\/v2\/tags?post=15813"},{"taxonomy":"categoria_noticias","embeddable":true,"href":"https:\/\/portal.fgeo.gob.mx\/index.php\/wp-json\/wp\/v2\/categoria_noticias?post=15813"}],"curies":[{"name":"wp","href":"https:\/\/api.w.org\/{rel}","templated":true}]}}