{"id":15811,"date":"2023-08-23T17:41:51","date_gmt":"2023-08-23T23:41:51","guid":{"rendered":"http:\/\/fge.oaxaca.gob.mx\/?post_type=noticias&amp;p=5292"},"modified":"2023-08-23T17:41:51","modified_gmt":"2023-08-23T23:41:51","slug":"presenta-fiscal-de-oaxaca-bernardo-rodriguez-alamilla-iniciativas-para-modificar-ley-organica-y-codigo-penal","status":"publish","type":"noticias","link":"https:\/\/portal.fgeo.gob.mx\/index.php\/archivos\/noticias\/presenta-fiscal-de-oaxaca-bernardo-rodriguez-alamilla-iniciativas-para-modificar-ley-organica-y-codigo-penal","title":{"rendered":"Presenta Fiscal de Oaxaca, Bernardo Rodr\u00edguez Alamilla Iniciativas para modificar Ley Org\u00e1nica y C\u00f3digo Penal"},"content":{"rendered":"<p dir=\"ltr\" style=\"text-align: justify;\">Oaxaca de Ju\u00e1rez, Oax., a 23 de agosto de 2023.-\u00a0El Fiscal General del Estado de Oaxaca, Bernardo Rodr\u00edguez Alamilla, acudi\u00f3 al Congreso del Estado para entregar un paquete de iniciativas con proyecto de decreto para hacer modificaciones al C\u00f3digo Penal de la entidad y la Ley Org\u00e1nica de la dependencia, que se inscriben en el proceso de reingenier\u00eda institucional que busca brindar mejores resultados a la sociedad y fortalecer la estrategia de seguridad.<\/p>\n<p style=\"text-align: justify;\">\n<p dir=\"ltr\" style=\"text-align: justify;\">\u201cHemos analizado las necesidades en nuestra labor de procuraci\u00f3n de justicia, y por ese motivo hacemos propuestas asertivas que sirvan para combatir problemas vigentes. Pues hay conductas criminales que no contempla nuestro C\u00f3digo Penal y es necesario erradicar de la vida social en el estado\u201d, apunt\u00f3 Rodr\u00edguez Alamilla.<\/p>\n<p style=\"text-align: justify;\">\n<p dir=\"ltr\" style=\"text-align: justify;\">Ante el presidente de la Junta de Coordinaci\u00f3n Pol\u00edtica (Jucopo), Luis Alfonso Silva Romo; la Presidenta de la Mesa Directiva de la LXV Legislatura, Miriam de los \u00c1ngeles V\u00e1squez Ruiz y el Secretario de Servicios Parlamentarios del Congreso del Estado, Jorge Gonz\u00e1lez Illescas, el Fiscal de Oaxaca apunt\u00f3 que este paquete es resultado de un estudio y an\u00e1lisis nutrido con los datos de la propia incidencia delictiva y fen\u00f3meno criminal en el estado.<\/p>\n<p style=\"text-align: justify;\">\n<p dir=\"ltr\" style=\"text-align: justify;\">Entre las propuestas realizadas, dijo, se encuentra la tipificaci\u00f3n para inhibir los pr\u00e9stamos conocidos como \u201cgota a gota\u201d y establecer sanciones espec\u00edficas en lo que respecta al robo equiparado por alteraci\u00f3n de n\u00famero de seguridad e identificaci\u00f3n de automotores.<\/p>\n<p style=\"text-align: justify;\">\n<p dir=\"ltr\" style=\"text-align: justify;\">En raz\u00f3n de ello, destac\u00f3, se propone la adici\u00f3n en el C\u00f3digo Penal del Estado el tipo penal contra actos de investigaci\u00f3n, actividades de seguridad p\u00fablica y del estado, la modificaci\u00f3n del tipo penal de robo equiparado de veh\u00edculos, as\u00ed como la adici\u00f3n de un p\u00e1rrafo al art\u00edculo 381 para establecer las penas al llamado pr\u00e9stamo \u201cgota a gota\u201d que resulta ser una puerta a m\u00faltiples delitos que alteran el tejido social, con la firme intenci\u00f3n de atender esta problem\u00e1tica.<\/p>\n<p style=\"text-align: justify;\">\n<p dir=\"ltr\" style=\"text-align: justify;\">Apunt\u00f3, en lo que respecta a las reformas a la Ley Org\u00e1nica de la Fiscal\u00eda General del Estado de Oaxaca, se propone el fortalecimiento del \u00d3rgano Interno de Control para combatir la corrupci\u00f3n end\u00f3gena; y de manera paralela, robustecer el Servicio Profesional de Carrera.<\/p>\n<p style=\"text-align: justify;\">\n<p dir=\"ltr\" style=\"text-align: justify;\">Tambi\u00e9n, destac\u00f3, se promueve la creaci\u00f3n de una Central de Inteligencia Criminal que permita la atenci\u00f3n, procesamiento y uso legal y controlado de informaci\u00f3n, as\u00ed como el adecuado procesamiento de la extinci\u00f3n de dominio, como acci\u00f3n prioritaria para la reparaci\u00f3n del da\u00f1o a favor de las v\u00edctimas.<\/p>\n<p style=\"text-align: justify;\">\n<p dir=\"ltr\" style=\"text-align: justify;\">La Fiscal\u00eda de Oaxaca construye este tipo de propuestas para atender las necesidades coyunturales a partir del surgimiento de nuevas modalidades de conductas criminales que, hasta ahora, est\u00e1n fuera de nuestro C\u00f3digo Penal, por lo que su atenci\u00f3n se vuelve materia fundamental para atender las problem\u00e1ticas sociales en el estado, concluy\u00f3 Rodr\u00edguez Alamilla.<\/p>\n","protected":false},"author":1,"featured_media":3175,"comment_status":"closed","ping_status":"closed","template":"","tags":[],"categoria_noticias":[],"class_list":["post-15811","noticias","type-noticias","status-publish","has-post-thumbnail","hentry"],"acf":[],"mb":[],"mfb_rest_fields":["title","gutenberg_elementor_mode"],"_links":{"self":[{"href":"https:\/\/portal.fgeo.gob.mx\/index.php\/wp-json\/wp\/v2\/noticias\/15811","targetHints":{"allow":["GET"]}}],"collection":[{"href":"https:\/\/portal.fgeo.gob.mx\/index.php\/wp-json\/wp\/v2\/noticias"}],"about":[{"href":"https:\/\/portal.fgeo.gob.mx\/index.php\/wp-json\/wp\/v2\/types\/noticias"}],"author":[{"embeddable":true,"href":"https:\/\/portal.fgeo.gob.mx\/index.php\/wp-json\/wp\/v2\/users\/1"}],"replies":[{"embeddable":true,"href":"https:\/\/portal.fgeo.gob.mx\/index.php\/wp-json\/wp\/v2\/comments?post=15811"}],"wp:featuredmedia":[{"embeddable":true,"href":"https:\/\/portal.fgeo.gob.mx\/index.php\/wp-json\/"}],"wp:attachment":[{"href":"https:\/\/portal.fgeo.gob.mx\/index.php\/wp-json\/wp\/v2\/media?parent=15811"}],"wp:term":[{"taxonomy":"post_tag","embeddable":true,"href":"https:\/\/portal.fgeo.gob.mx\/index.php\/wp-json\/wp\/v2\/tags?post=15811"},{"taxonomy":"categoria_noticias","embeddable":true,"href":"https:\/\/portal.fgeo.gob.mx\/index.php\/wp-json\/wp\/v2\/categoria_noticias?post=15811"}],"curies":[{"name":"wp","href":"https:\/\/api.w.org\/{rel}","templated":true}]}}