{"id":15810,"date":"2023-08-23T17:09:50","date_gmt":"2023-08-23T23:09:50","guid":{"rendered":"http:\/\/fge.oaxaca.gob.mx\/?post_type=noticias&amp;p=5291"},"modified":"2023-08-23T17:09:50","modified_gmt":"2023-08-23T23:09:50","slug":"fiscalia-de-oaxaca-aprehende-a-una-persona-por-homicidio-de-13-campesinos-hechos-ocurridos-en-santa-maria-ecatepec","status":"publish","type":"noticias","link":"https:\/\/portal.fgeo.gob.mx\/index.php\/archivos\/noticias\/fiscalia-de-oaxaca-aprehende-a-una-persona-por-homicidio-de-13-campesinos-hechos-ocurridos-en-santa-maria-ecatepec","title":{"rendered":"Fiscal\u00eda de Oaxaca aprehende a una persona por homicidio de 13 campesinos, hechos ocurridos en Santa Mar\u00eda Ecatepec"},"content":{"rendered":"<p style=\"font-weight: 400; text-align: justify;\"><strong>Oaxaca de Ju\u00e1rez, Oax., a 23 de agosto de 2023.-\u00a0<\/strong>La Fiscal\u00eda General del Estado de Oaxaca (FGEO) ejecut\u00f3 una orden de aprehensi\u00f3n, a trav\u00e9s de la Agencia Estatal de Investigaciones (AEI), en contra de una persona del sexo masculino E. F. C. o E. R. C., por el delito de Homicidio Calificado de 13 campesinos, hechos ocurridos en el municipio de Santa Mar\u00eda Ecatepec.<\/p>\n<p style=\"font-weight: 400; text-align: justify;\">De acuerdo con el expediente penal, los hechos ocurrieron la tarde del 16 de julio de 2018, cuando un grupo de pobladores de Ecatepec, acudi\u00f3 a trabajar sus tierras en un paraje conocido como Portillo Semilla, donde fueron v\u00edctimas de una agresi\u00f3n a balazos.<\/p>\n<p style=\"font-weight: 400; text-align: justify;\">Como consecuencia de este ataque armado, fallecieron 13 personas -entre hombres y mujeres-, identificadas como: A. R. S., L. F. R., E. H. L., F. R. P., R. R. A., A. G. V., O. R. R. (mujer), M. H. L. (mujer), S. R. A., V. R. C., D. F. M., A. R. R. y R. R. R.<\/p>\n<p style=\"font-weight: 400; text-align: justify;\">Las investigaciones realizadas por la Fiscal\u00eda apuntan a que los motivos de esta agresi\u00f3n atienden a una disputa agraria por los l\u00edmites entre Santa Mar\u00eda Ecatepec (de donde son las v\u00edctimas) contra San Lucas Ixcotepec.<\/p>\n<p style=\"font-weight: 400; text-align: justify;\">Gracias a los trabajos de procuraci\u00f3n de justicia realizados por la FGEO, se obtuvo la orden de aprehensi\u00f3n en contra de E. F. C. o E. R. C., quien luego de su detenci\u00f3n fue presentado ante las autoridades correspondientes para determinar su situaci\u00f3n jur\u00eddica en las pr\u00f3ximas horas.<\/p>\n<p style=\"font-weight: 400; text-align: justify;\">La Fiscal\u00eda de Oaxaca entrega resultados tangibles respecto a la procuraci\u00f3n de justicia para garantizar la seguridad y la paz social en las diferentes regiones de la entidad.<\/p>\n","protected":false},"author":1,"featured_media":3175,"comment_status":"closed","ping_status":"closed","template":"","tags":[],"categoria_noticias":[],"class_list":["post-15810","noticias","type-noticias","status-publish","has-post-thumbnail","hentry"],"acf":[],"mb":[],"mfb_rest_fields":["title","gutenberg_elementor_mode"],"_links":{"self":[{"href":"https:\/\/portal.fgeo.gob.mx\/index.php\/wp-json\/wp\/v2\/noticias\/15810","targetHints":{"allow":["GET"]}}],"collection":[{"href":"https:\/\/portal.fgeo.gob.mx\/index.php\/wp-json\/wp\/v2\/noticias"}],"about":[{"href":"https:\/\/portal.fgeo.gob.mx\/index.php\/wp-json\/wp\/v2\/types\/noticias"}],"author":[{"embeddable":true,"href":"https:\/\/portal.fgeo.gob.mx\/index.php\/wp-json\/wp\/v2\/users\/1"}],"replies":[{"embeddable":true,"href":"https:\/\/portal.fgeo.gob.mx\/index.php\/wp-json\/wp\/v2\/comments?post=15810"}],"wp:featuredmedia":[{"embeddable":true,"href":"https:\/\/portal.fgeo.gob.mx\/index.php\/wp-json\/"}],"wp:attachment":[{"href":"https:\/\/portal.fgeo.gob.mx\/index.php\/wp-json\/wp\/v2\/media?parent=15810"}],"wp:term":[{"taxonomy":"post_tag","embeddable":true,"href":"https:\/\/portal.fgeo.gob.mx\/index.php\/wp-json\/wp\/v2\/tags?post=15810"},{"taxonomy":"categoria_noticias","embeddable":true,"href":"https:\/\/portal.fgeo.gob.mx\/index.php\/wp-json\/wp\/v2\/categoria_noticias?post=15810"}],"curies":[{"name":"wp","href":"https:\/\/api.w.org\/{rel}","templated":true}]}}