{"id":15807,"date":"2023-08-21T17:30:28","date_gmt":"2023-08-21T23:30:28","guid":{"rendered":"http:\/\/fge.oaxaca.gob.mx\/?post_type=noticias&amp;p=5288"},"modified":"2023-08-21T17:30:28","modified_gmt":"2023-08-21T23:30:28","slug":"fiscalia-de-oaxaca-aprehende-a-una-persona-por-tentativa-de-feminicidio-delito-cometido-en-santa-lucia-del-camino","status":"publish","type":"noticias","link":"https:\/\/portal.fgeo.gob.mx\/index.php\/archivos\/noticias\/fiscalia-de-oaxaca-aprehende-a-una-persona-por-tentativa-de-feminicidio-delito-cometido-en-santa-lucia-del-camino","title":{"rendered":"Fiscal\u00eda de Oaxaca aprehende a una persona por tentativa de Feminicidio, delito cometido en Santa Luc\u00eda del Camino"},"content":{"rendered":"<p style=\"font-weight: 400; text-align: justify;\"><strong>Oaxaca de Ju\u00e1rez, Oax., a 21 de agosto de 2023.-\u00a0\u00a0<\/strong>La Fiscal\u00eda General del Estado de Oaxaca (FGEO) realiz\u00f3 investigaciones con perspectiva de g\u00e9nero, que permitieron la ejecuci\u00f3n de una orden de aprehensi\u00f3n y detenci\u00f3n de L.E.T.G., por el delito de Feminicidio en Grado de Tentativa, cometido en el municipio de Santa Luc\u00eda del Camino, en la regi\u00f3n de los Valles Centrales.<\/p>\n<p style=\"font-weight: 400; text-align: justify;\">De acuerdo con el expediente penal del caso, los hechos ocurrieron el 21 de julio de 2022, cuando la v\u00edctima, una mujer identificada por las iniciales V.V.G.O.C., se encontraba en su domicilio, donde sufri\u00f3 una agresi\u00f3n verbal que escal\u00f3 a un ataque f\u00edsico derivado del cual result\u00f3 con severas lesiones, mientras que el agresor escap\u00f3 del lugar.<\/p>\n<p style=\"font-weight: 400; text-align: justify;\">La FGEO tom\u00f3 conocimiento de los hechos, por lo que se iniciaron las investigaciones apegadas al Protocolo de Actuaci\u00f3n Ministerial, Pericial y Policial en el Delito de Feminicidio para el Estado de Oaxaca que est\u00e1n a cargo de la Fiscal\u00eda Especializada para la Atenci\u00f3n a Delitos Contra la Mujer por Raz\u00f3n de G\u00e9nero (FEADAM).<\/p>\n<p style=\"font-weight: 400; text-align: justify;\">Como resultado de estas labores, la Fiscal\u00eda obtuvo una orden de aprehensi\u00f3n que se ejecut\u00f3 en contra de L.E.T.G., quien fue detenido por elementos de la Agencia Estatal de Investigaciones, quienes lo pusieron a disposici\u00f3n de la autoridad que lo requiri\u00f3 para que se determine su situaci\u00f3n jur\u00eddica en las pr\u00f3ximas horas.<\/p>\n<p style=\"font-weight: 400; text-align: justify;\">La Fiscal\u00eda de Oaxaca realiza investigaciones en torno a delitos cometidos contra las mujeres por raz\u00f3n de g\u00e9nero, echando mano de un equipo especializado que atiende las particularidades de cada caso para que las v\u00edctimas tengan acceso pleno a la justicia.<\/p>\n","protected":false},"author":1,"featured_media":3175,"comment_status":"closed","ping_status":"closed","template":"","tags":[],"categoria_noticias":[],"class_list":["post-15807","noticias","type-noticias","status-publish","has-post-thumbnail","hentry"],"acf":[],"mb":[],"mfb_rest_fields":["title","gutenberg_elementor_mode"],"_links":{"self":[{"href":"https:\/\/portal.fgeo.gob.mx\/index.php\/wp-json\/wp\/v2\/noticias\/15807","targetHints":{"allow":["GET"]}}],"collection":[{"href":"https:\/\/portal.fgeo.gob.mx\/index.php\/wp-json\/wp\/v2\/noticias"}],"about":[{"href":"https:\/\/portal.fgeo.gob.mx\/index.php\/wp-json\/wp\/v2\/types\/noticias"}],"author":[{"embeddable":true,"href":"https:\/\/portal.fgeo.gob.mx\/index.php\/wp-json\/wp\/v2\/users\/1"}],"replies":[{"embeddable":true,"href":"https:\/\/portal.fgeo.gob.mx\/index.php\/wp-json\/wp\/v2\/comments?post=15807"}],"wp:featuredmedia":[{"embeddable":true,"href":"https:\/\/portal.fgeo.gob.mx\/index.php\/wp-json\/"}],"wp:attachment":[{"href":"https:\/\/portal.fgeo.gob.mx\/index.php\/wp-json\/wp\/v2\/media?parent=15807"}],"wp:term":[{"taxonomy":"post_tag","embeddable":true,"href":"https:\/\/portal.fgeo.gob.mx\/index.php\/wp-json\/wp\/v2\/tags?post=15807"},{"taxonomy":"categoria_noticias","embeddable":true,"href":"https:\/\/portal.fgeo.gob.mx\/index.php\/wp-json\/wp\/v2\/categoria_noticias?post=15807"}],"curies":[{"name":"wp","href":"https:\/\/api.w.org\/{rel}","templated":true}]}}