{"id":15806,"date":"2023-08-21T16:28:04","date_gmt":"2023-08-21T22:28:04","guid":{"rendered":"http:\/\/fge.oaxaca.gob.mx\/?post_type=noticias&amp;p=5287"},"modified":"2023-08-21T16:28:04","modified_gmt":"2023-08-21T22:28:04","slug":"por-delito-de-abuso-sexual-agravado-contra-una-nina-fiscalia-de-oaxaca-ejecuta-orden-de-aprehension","status":"publish","type":"noticias","link":"https:\/\/portal.fgeo.gob.mx\/index.php\/archivos\/noticias\/por-delito-de-abuso-sexual-agravado-contra-una-nina-fiscalia-de-oaxaca-ejecuta-orden-de-aprehension","title":{"rendered":"Por delito de Abuso Sexual Agravado contra una ni\u00f1a, Fiscal\u00eda de Oaxaca ejecuta orden de aprehensi\u00f3n"},"content":{"rendered":"<p style=\"font-weight: 400; text-align: justify;\"><strong>Oaxaca de Ju\u00e1rez, Oax., a 21 de agosto de 2023.-\u00a0\u00a0<\/strong>La Fiscal\u00eda General del Estado de Oaxaca (FGEO), a trav\u00e9s de la Agencia Estatal de Investigaciones (AEI) ejecut\u00f3 una orden de aprehensi\u00f3n contra un hombre identificado por las iniciales J.F.E.S., por el delito de Abuso Sexual Agravado cometido contra una ni\u00f1a.<\/p>\n<p style=\"font-weight: 400; text-align: justify;\">De acuerdo con la causa penal, los hechos ocurrieron el pasado 5 de noviembre de 2017, en un domicilio ubicado en Montoya,\u00a0 perteneciente a San Mart\u00edn Mexicapan, cuando el imputado habr\u00eda cometido el delito contra la menor de edad, que en ese momento contaba con seis a\u00f1os.<\/p>\n<p style=\"font-weight: 400; text-align: justify;\">Luego de registrarse los hechos, familiares de la v\u00edctima presentaron la denuncia penal que qued\u00f3 bajo investigaci\u00f3n de la Fiscal\u00eda Especializada en Atenci\u00f3n de Delitos contra la Mujer por Raz\u00f3n de G\u00e9nero (FEADAM).<\/p>\n<p style=\"font-weight: 400; text-align: justify;\">Tras llevar a cabo las indagatorias y diligencias periciales correspondientes, la FEADAM present\u00f3 las pruebas suficientes que permitieron que el Juez librara la orden de aprehensi\u00f3n, misma que fue ejecutada este lunes contra J.F.E.S, quien ser\u00e1 presentado ante la autoridad correspondiente.<\/p>\n<p style=\"font-weight: 400; text-align: justify;\">La Fiscal\u00eda de Oaxaca refrenda el compromiso de atender, con perspectiva de g\u00e9nero e infancia y adolescencia, a v\u00edctimas de delitos que lesionan a sectores de atenci\u00f3n prioritaria, as\u00ed como a la sociedad en su conjunto, como parte de una pol\u00edtica p\u00fablica de procuraci\u00f3n de justicia eficaz.<\/p>\n","protected":false},"author":1,"featured_media":3175,"comment_status":"closed","ping_status":"closed","template":"","tags":[],"categoria_noticias":[],"class_list":["post-15806","noticias","type-noticias","status-publish","has-post-thumbnail","hentry"],"acf":[],"mb":[],"mfb_rest_fields":["title","gutenberg_elementor_mode"],"_links":{"self":[{"href":"https:\/\/portal.fgeo.gob.mx\/index.php\/wp-json\/wp\/v2\/noticias\/15806","targetHints":{"allow":["GET"]}}],"collection":[{"href":"https:\/\/portal.fgeo.gob.mx\/index.php\/wp-json\/wp\/v2\/noticias"}],"about":[{"href":"https:\/\/portal.fgeo.gob.mx\/index.php\/wp-json\/wp\/v2\/types\/noticias"}],"author":[{"embeddable":true,"href":"https:\/\/portal.fgeo.gob.mx\/index.php\/wp-json\/wp\/v2\/users\/1"}],"replies":[{"embeddable":true,"href":"https:\/\/portal.fgeo.gob.mx\/index.php\/wp-json\/wp\/v2\/comments?post=15806"}],"wp:featuredmedia":[{"embeddable":true,"href":"https:\/\/portal.fgeo.gob.mx\/index.php\/wp-json\/"}],"wp:attachment":[{"href":"https:\/\/portal.fgeo.gob.mx\/index.php\/wp-json\/wp\/v2\/media?parent=15806"}],"wp:term":[{"taxonomy":"post_tag","embeddable":true,"href":"https:\/\/portal.fgeo.gob.mx\/index.php\/wp-json\/wp\/v2\/tags?post=15806"},{"taxonomy":"categoria_noticias","embeddable":true,"href":"https:\/\/portal.fgeo.gob.mx\/index.php\/wp-json\/wp\/v2\/categoria_noticias?post=15806"}],"curies":[{"name":"wp","href":"https:\/\/api.w.org\/{rel}","templated":true}]}}