{"id":15805,"date":"2023-08-20T17:01:40","date_gmt":"2023-08-20T23:01:40","guid":{"rendered":"http:\/\/fge.oaxaca.gob.mx\/?post_type=noticias&amp;p=5286"},"modified":"2023-08-20T17:01:40","modified_gmt":"2023-08-20T23:01:40","slug":"procuracion-de-justicia-para-victimas-de-violencia-familiar-prioridad-de-la-fiscalia-de-oaxaca","status":"publish","type":"noticias","link":"https:\/\/portal.fgeo.gob.mx\/index.php\/archivos\/noticias\/procuracion-de-justicia-para-victimas-de-violencia-familiar-prioridad-de-la-fiscalia-de-oaxaca","title":{"rendered":"Procuraci\u00f3n de justicia para v\u00edctimas de violencia familiar, prioridad de la Fiscal\u00eda de Oaxaca"},"content":{"rendered":"<p style=\"font-weight: 400; text-align: justify;\"><strong>Oaxaca de Ju\u00e1rez, Oax., a 20 de agosto de 2023.-\u00a0\u00a0<\/strong>Como parte de las acciones de procuraci\u00f3n de justicia con perspectiva de g\u00e9nero, la Fiscal\u00eda General del Estado de Oaxaca mantiene una estrategia permanente de atenci\u00f3n integral a ni\u00f1as, ni\u00f1os, adolescentes y mujeres v\u00edctimas de violencia familiar, como parte de una pol\u00edtica p\u00fablica prioritaria.<\/p>\n<p style=\"font-weight: 400; text-align: justify;\">Bajo esta perspectiva, la Fiscal\u00eda Especializada para la Atenci\u00f3n a Delitos Contra la Mujer por Raz\u00f3n de G\u00e9nero (FEADAM), que encabeza Margarita Guzm\u00e1n Corsi, obtuvo prisi\u00f3n preventiva y vinculaci\u00f3n a proceso contra un hombre identificado por las iniciales G.G.S, imputado por violencia familiar, en hechos ocurridos en San Francisco Tutla.<\/p>\n<p style=\"font-weight: 400; text-align: justify;\">De acuerdo con la causa penal, el imputado habr\u00eda violentado f\u00edsica y psicol\u00f3gicamente a su expareja, J.L.A. de manera sistem\u00e1tica y reiterada desde 2022 a la fecha, por lo que la v\u00edctima acudi\u00f3 a presentar su denuncia, misma que qued\u00f3 bajo investigaci\u00f3n de la FEADAM.<\/p>\n<p style=\"font-weight: 400; text-align: justify;\">Luego de realizar las diligencias correspondientes y presentar las pruebas, la Fiscal\u00eda Especializada obtuvo del Juez la orden de aprehensi\u00f3n, misma que fue ejecutada por elementos de la Agencia Estatal de Investigaciones.<\/p>\n<p style=\"font-weight: 400; text-align: justify;\">Posterior a ello, durante la audiencia, la Fiscal\u00eda obtuvo auto de vinculaci\u00f3n a proceso e impuso la medida cautelar de prisi\u00f3n preventiva justificada contra el imputado, otorgando tres meses para el cierre de investigaci\u00f3n complementaria.<\/p>\n<p style=\"font-weight: 400; text-align: justify;\">La Fiscal\u00eda General de Oaxaca, reitera en los hechos, su compromiso de llevar ante la justicia a todo aquel que vulnere los derechos y la integridad de ni\u00f1as, adolescentes y mujeres, como parte de una estrategia de atenci\u00f3n integral tendiente a atender y disminuir el fen\u00f3meno de violencia por raz\u00f3n de g\u00e9nero.<\/p>\n","protected":false},"author":1,"featured_media":3175,"comment_status":"closed","ping_status":"closed","template":"","tags":[],"categoria_noticias":[],"class_list":["post-15805","noticias","type-noticias","status-publish","has-post-thumbnail","hentry"],"acf":[],"mb":[],"mfb_rest_fields":["title","gutenberg_elementor_mode"],"_links":{"self":[{"href":"https:\/\/portal.fgeo.gob.mx\/index.php\/wp-json\/wp\/v2\/noticias\/15805","targetHints":{"allow":["GET"]}}],"collection":[{"href":"https:\/\/portal.fgeo.gob.mx\/index.php\/wp-json\/wp\/v2\/noticias"}],"about":[{"href":"https:\/\/portal.fgeo.gob.mx\/index.php\/wp-json\/wp\/v2\/types\/noticias"}],"author":[{"embeddable":true,"href":"https:\/\/portal.fgeo.gob.mx\/index.php\/wp-json\/wp\/v2\/users\/1"}],"replies":[{"embeddable":true,"href":"https:\/\/portal.fgeo.gob.mx\/index.php\/wp-json\/wp\/v2\/comments?post=15805"}],"wp:featuredmedia":[{"embeddable":true,"href":"https:\/\/portal.fgeo.gob.mx\/index.php\/wp-json\/"}],"wp:attachment":[{"href":"https:\/\/portal.fgeo.gob.mx\/index.php\/wp-json\/wp\/v2\/media?parent=15805"}],"wp:term":[{"taxonomy":"post_tag","embeddable":true,"href":"https:\/\/portal.fgeo.gob.mx\/index.php\/wp-json\/wp\/v2\/tags?post=15805"},{"taxonomy":"categoria_noticias","embeddable":true,"href":"https:\/\/portal.fgeo.gob.mx\/index.php\/wp-json\/wp\/v2\/categoria_noticias?post=15805"}],"curies":[{"name":"wp","href":"https:\/\/api.w.org\/{rel}","templated":true}]}}