{"id":15804,"date":"2023-08-20T12:14:15","date_gmt":"2023-08-20T18:14:15","guid":{"rendered":"http:\/\/fge.oaxaca.gob.mx\/?post_type=noticias&amp;p=5285"},"modified":"2023-08-20T12:14:15","modified_gmt":"2023-08-20T18:14:15","slug":"fortalece-fiscalia-de-oaxaca-procesos-formativos-en-materia-de-genero","status":"publish","type":"noticias","link":"https:\/\/portal.fgeo.gob.mx\/index.php\/archivos\/noticias\/fortalece-fiscalia-de-oaxaca-procesos-formativos-en-materia-de-genero","title":{"rendered":"Fortalece Fiscal\u00eda de Oaxaca procesos formativos en materia de g\u00e9nero"},"content":{"rendered":"<p style=\"font-weight: 400; text-align: justify;\"><strong>Oaxaca de Ju\u00e1rez, Oax., a 20 de agosto de 2023.-\u00a0\u00a0<\/strong>La Fiscal\u00eda General del Estado de Oaxaca, a trav\u00e9s de Instituto de Formaci\u00f3n y Capacitaci\u00f3n, conjuntamente con la Comisi\u00f3n Nacional para Prevenir y Erradicar la Violencia contra las Mujeres (Conavim), llevaron a cabo la conferencia magistral \u201cAlerta de Violencia de G\u00e9nero contra las Mujeres (AVGM): Declaratoria y Procesos de Implementaci\u00f3n\u201d.<\/p>\n<p style=\"font-weight: 400; text-align: justify;\">La actividad, dirigida a personal de la Fiscal\u00eda Especializada para la Atenci\u00f3n a Delitos Contra la Mujer por Raz\u00f3n de G\u00e9nero y del Centro de Justicia para las Mujeres (Cejum), fue impartida por la investigadora del Consejo Nacional de Ciencia y Tecnolog\u00eda (Conacyt) y especialista en pol\u00edticas p\u00fabicas, Delfina Jim\u00e9nez Chavarr\u00eda.<\/p>\n<p style=\"font-weight: 400; text-align: justify;\">La conferencia efectuada en la Universidad \u201cJos\u00e9 Vasconcelos\u201d se enmarca en los procesos de formaci\u00f3n y profesionalizaci\u00f3n del equipo de la Fiscal\u00eda General en materia de g\u00e9nero, derechos humanos e interculturalidad, como parte de una estrategia de capacitaci\u00f3n enfocada en la interseccionalidad y el an\u00e1lisis del contexto en la procuraci\u00f3n de justicia.<\/p>\n<p style=\"font-weight: 400; text-align: justify;\">Durante el evento, la ponente explic\u00f3 la declaratoria de la Alerta de Violencia de G\u00e9nero en la entidad, as\u00ed como las estrategias para su adecuada implementaci\u00f3n, en las que los trabajos que realiza la Fiscal\u00eda de Oaxaca tienen un papel fundamental.<\/p>\n<p style=\"font-weight: 400; text-align: justify;\">Ante ello, refrend\u00f3 conceptos en materia de g\u00e9nero que permiten a las y los trabajadores de la FGEO contar con herramientas para atender a mujeres y ni\u00f1as v\u00edctimas de distintos tipos de violencias que se configuran en delitos.<\/p>\n<p style=\"font-weight: 400; text-align: justify;\">En el evento estuvieron presentes la Fiscal Especializada para la Atenci\u00f3n a Delitos Contra la Mujer por Raz\u00f3n de G\u00e9nero, Margarita Guzm\u00e1n Corsi; la coordinadora de la Unidad de G\u00e9nero de la Secretar\u00eda de Gobernaci\u00f3n- Conavim, Yunuen Gonz\u00e1lez S\u00e1nchez; el director del Instituto de Formaci\u00f3n y Capacitaci\u00f3n Profesional, Juan Pablo Morales Garc\u00eda; el director de Asuntos Jur\u00eddicos de la FGEO, Jaime Alejandro Vel\u00e1zquez Mart\u00ednez y la rectora de la Universidad Vasconcelos, K\u00e9lmic Hern\u00e1ndez Arreort\u00faa.<\/p>\n","protected":false},"author":1,"featured_media":3175,"comment_status":"closed","ping_status":"closed","template":"","tags":[],"categoria_noticias":[],"class_list":["post-15804","noticias","type-noticias","status-publish","has-post-thumbnail","hentry"],"acf":[],"mb":[],"mfb_rest_fields":["title","gutenberg_elementor_mode"],"_links":{"self":[{"href":"https:\/\/portal.fgeo.gob.mx\/index.php\/wp-json\/wp\/v2\/noticias\/15804","targetHints":{"allow":["GET"]}}],"collection":[{"href":"https:\/\/portal.fgeo.gob.mx\/index.php\/wp-json\/wp\/v2\/noticias"}],"about":[{"href":"https:\/\/portal.fgeo.gob.mx\/index.php\/wp-json\/wp\/v2\/types\/noticias"}],"author":[{"embeddable":true,"href":"https:\/\/portal.fgeo.gob.mx\/index.php\/wp-json\/wp\/v2\/users\/1"}],"replies":[{"embeddable":true,"href":"https:\/\/portal.fgeo.gob.mx\/index.php\/wp-json\/wp\/v2\/comments?post=15804"}],"wp:featuredmedia":[{"embeddable":true,"href":"https:\/\/portal.fgeo.gob.mx\/index.php\/wp-json\/"}],"wp:attachment":[{"href":"https:\/\/portal.fgeo.gob.mx\/index.php\/wp-json\/wp\/v2\/media?parent=15804"}],"wp:term":[{"taxonomy":"post_tag","embeddable":true,"href":"https:\/\/portal.fgeo.gob.mx\/index.php\/wp-json\/wp\/v2\/tags?post=15804"},{"taxonomy":"categoria_noticias","embeddable":true,"href":"https:\/\/portal.fgeo.gob.mx\/index.php\/wp-json\/wp\/v2\/categoria_noticias?post=15804"}],"curies":[{"name":"wp","href":"https:\/\/api.w.org\/{rel}","templated":true}]}}