{"id":15803,"date":"2023-08-18T12:42:37","date_gmt":"2023-08-18T18:42:37","guid":{"rendered":"http:\/\/fge.oaxaca.gob.mx\/?post_type=noticias&amp;p=5283"},"modified":"2023-08-18T12:42:37","modified_gmt":"2023-08-18T18:42:37","slug":"fiscalia-de-oaxaca-obtiene-prision-preventiva-y-vinculacion-a-proceso-contra-imputado-por-homicidio-de-un-nino-ocurrido-en-colonia-del-maestro","status":"publish","type":"noticias","link":"https:\/\/portal.fgeo.gob.mx\/index.php\/archivos\/noticias\/fiscalia-de-oaxaca-obtiene-prision-preventiva-y-vinculacion-a-proceso-contra-imputado-por-homicidio-de-un-nino-ocurrido-en-colonia-del-maestro","title":{"rendered":"Fiscal\u00eda de Oaxaca obtiene prisi\u00f3n preventiva y vinculaci\u00f3n a proceso contra imputado por homicidio de un ni\u00f1o, ocurrido en colonia del Maestro"},"content":{"rendered":"<p style=\"font-weight: 400; text-align: justify;\"><strong>Oaxaca de Ju\u00e1rez, Oax., a 18 de agosto de 2023.-\u00a0<\/strong>El trabajo especializado que realiza la Fiscal\u00eda General del Estado de Oaxaca (FGEO), permiti\u00f3 la obtenci\u00f3n del auto de vinculaci\u00f3n a proceso y prisi\u00f3n preventiva en contra de J.C.V.S., imputado por los delitos de Homicidio Calificado con Ventaja y Violencia Familiar, el primero de ellos cometido en agravio de un ni\u00f1o de cuatro a\u00f1os \u2013de quien se reserva su identidad por ley-, ocurrido en capital del estado.<\/p>\n<p style=\"font-weight: 400; text-align: justify;\">De acuerdo con la causa penal, los hechos ocurrieron el 11 de agosto del a\u00f1o en curso en la colonia del Maestro, del municipio de Oaxaca de Ju\u00e1rez, cuando J.C.V.S. llev\u00f3 a la v\u00edctima al consultorio anexo a una farmacia de Similares para recibir atenci\u00f3n m\u00e9dica, sin embargo, el especialista se percat\u00f3 que el ni\u00f1o ya no ten\u00eda signos vitales, por lo que dio aviso a las autoridades.<\/p>\n<p style=\"font-weight: 400; text-align: justify;\">La FGEO tom\u00f3 conocimiento de los hechos, por lo que atrajo el caso e inici\u00f3 las investigaciones correspondientes a trav\u00e9s de la Fiscal\u00eda Especializada para la Atenci\u00f3n de Delitos contra la Mujer por Raz\u00f3n de G\u00e9nero.<\/p>\n<p style=\"font-weight: 400; text-align: justify;\">Tras la ejecuci\u00f3n de la orden de aprehensi\u00f3n, el Juez dict\u00f3 auto de vinculaci\u00f3n a proceso en contra de J.C.V.S., por los delitos de homicidio calificado con ventaja en contra del menor de edad, as\u00ed como el delito de violencia familiar en contra de S.E.G.G., adem\u00e1s que impuso prisi\u00f3n preventiva para el imputado y otorg\u00f3 tres meses para el cierre de la investigaci\u00f3n complementaria.<\/p>\n<p style=\"font-weight: 400; text-align: justify;\">La Fiscal\u00eda General del Estado de Oaxaca prioriza la investigaci\u00f3n de los delitos contra ni\u00f1as, ni\u00f1os y adolescentes, as\u00ed como mujeres, por ello, cuenta con perspectiva de infancia y g\u00e9nero, esto con el objetivo de brindar mejores resultados a las v\u00edctimas directas e indirectas para garantizarles un adecuado acceso a la procuraci\u00f3n de justicia.<\/p>\n","protected":false},"author":1,"featured_media":3175,"comment_status":"closed","ping_status":"closed","template":"","tags":[],"categoria_noticias":[],"class_list":["post-15803","noticias","type-noticias","status-publish","has-post-thumbnail","hentry"],"acf":[],"mb":[],"mfb_rest_fields":["title","gutenberg_elementor_mode"],"_links":{"self":[{"href":"https:\/\/portal.fgeo.gob.mx\/index.php\/wp-json\/wp\/v2\/noticias\/15803","targetHints":{"allow":["GET"]}}],"collection":[{"href":"https:\/\/portal.fgeo.gob.mx\/index.php\/wp-json\/wp\/v2\/noticias"}],"about":[{"href":"https:\/\/portal.fgeo.gob.mx\/index.php\/wp-json\/wp\/v2\/types\/noticias"}],"author":[{"embeddable":true,"href":"https:\/\/portal.fgeo.gob.mx\/index.php\/wp-json\/wp\/v2\/users\/1"}],"replies":[{"embeddable":true,"href":"https:\/\/portal.fgeo.gob.mx\/index.php\/wp-json\/wp\/v2\/comments?post=15803"}],"wp:featuredmedia":[{"embeddable":true,"href":"https:\/\/portal.fgeo.gob.mx\/index.php\/wp-json\/"}],"wp:attachment":[{"href":"https:\/\/portal.fgeo.gob.mx\/index.php\/wp-json\/wp\/v2\/media?parent=15803"}],"wp:term":[{"taxonomy":"post_tag","embeddable":true,"href":"https:\/\/portal.fgeo.gob.mx\/index.php\/wp-json\/wp\/v2\/tags?post=15803"},{"taxonomy":"categoria_noticias","embeddable":true,"href":"https:\/\/portal.fgeo.gob.mx\/index.php\/wp-json\/wp\/v2\/categoria_noticias?post=15803"}],"curies":[{"name":"wp","href":"https:\/\/api.w.org\/{rel}","templated":true}]}}