{"id":15801,"date":"2023-08-17T16:46:32","date_gmt":"2023-08-17T22:46:32","guid":{"rendered":"http:\/\/fge.oaxaca.gob.mx\/?post_type=noticias&amp;p=5280"},"modified":"2023-08-17T16:46:32","modified_gmt":"2023-08-17T22:46:32","slug":"fgeo-obtiene-vinculacion-a-proceso-derivado-de-agresion-con-sustancia-quimica-en-contra-de-funcionaria-de-salina-cruz","status":"publish","type":"noticias","link":"https:\/\/portal.fgeo.gob.mx\/index.php\/archivos\/noticias\/fgeo-obtiene-vinculacion-a-proceso-derivado-de-agresion-con-sustancia-quimica-en-contra-de-funcionaria-de-salina-cruz","title":{"rendered":"FGEO obtiene vinculaci\u00f3n a proceso derivado de agresi\u00f3n con sustancia qu\u00edmica, en contra de funcionaria de Salina Cruz"},"content":{"rendered":"<p style=\"font-weight: 400; text-align: justify;\"><strong>Oaxaca de Ju\u00e1rez, Oax., a 17 de agosto de 2023.-\u00a0<\/strong>La Fiscal\u00eda General del Estado de Oaxaca (FGEO) obtuvo auto de vinculaci\u00f3n a proceso y prisi\u00f3n preventiva en contra de J.C.R., imputado por el delito de Tentativa de Homicidio, cometido contra una servidora p\u00fablica del Ayuntamiento de Salina Cruz, en el Istmo de Tehuantepec.<\/p>\n<p style=\"font-weight: 400; text-align: justify;\">De acuerdo con la causa penal del caso, los hechos ocurrieron el 20 de enero de 2023, cuando la v\u00edctima identificada como R. G. O. (Directora de Ecolog\u00eda y Protecci\u00f3n Ambiental del H. Ayuntamiento de Salina Cruz) acudi\u00f3, junto con un equipo de trabajo, a la calle Manzanillo, esquina Prolongaci\u00f3n y Avenida Ferrocarril.<\/p>\n<p style=\"font-weight: 400; text-align: justify;\">En el lugar, la v\u00edctima solicit\u00f3 que retiraran los bienes y enseres propiedad de J. C. R., pues era parte del cumplimiento de un acuerdo alcanzado en el cabildo que consist\u00eda en la liberaci\u00f3n de \u00e1reas verdes y espacios p\u00fablicos, requerimiento del que exist\u00edan notificaciones previas las cuales fueron desatendidas, seg\u00fan consta en la denuncia penal.<\/p>\n<p style=\"font-weight: 400; text-align: justify;\">Mientras realizaban estas labores, la v\u00edctima escuch\u00f3 los reclamos de la persona afectada, enseguida le vaciaron encima un recipiente que conten\u00eda una sustancia qu\u00edmica (aguarr\u00e1s), al momento en que el agresor trat\u00f3 de prenderle fuego, elementos de la Polic\u00eda Municipal intervinieron para frustrar este intento.<\/p>\n<p style=\"font-weight: 400; text-align: justify;\">A partir de esta situaci\u00f3n, la FGEO intervino a trav\u00e9s de la Vicefiscal\u00eda Regional del Istmo que se encarga de realizar las investigaciones que permitieron ejecutar una orden de aprehensi\u00f3n en contra de J. C. R.<\/p>\n<p style=\"font-weight: 400; text-align: justify;\">Luego de presentar los datos de prueba en contra del imputado, el Juez en turno los evalu\u00f3 y dict\u00f3 auto de vinculaci\u00f3n a proceso en contra de J. C. R., a quien tambi\u00e9n impuso prisi\u00f3n preventiva y otorg\u00f3 dos meses para el cierre de la investigaci\u00f3n complementaria.<\/p>\n<p style=\"font-weight: 400; text-align: justify;\">La Fiscal\u00eda de Oaxaca apoya sus investigaciones en proceso cient\u00edficos a cargo del Instituto de Ciencias Forenses para dar certeza a las indagatorias y fortalecer la teor\u00eda del caso con el objetivo de que las v\u00edctimas tengan pleno acceso a la justicia.<\/p>\n","protected":false},"author":1,"featured_media":3175,"comment_status":"closed","ping_status":"closed","template":"","tags":[],"categoria_noticias":[],"class_list":["post-15801","noticias","type-noticias","status-publish","has-post-thumbnail","hentry"],"acf":[],"mb":[],"mfb_rest_fields":["title","gutenberg_elementor_mode"],"_links":{"self":[{"href":"https:\/\/portal.fgeo.gob.mx\/index.php\/wp-json\/wp\/v2\/noticias\/15801","targetHints":{"allow":["GET"]}}],"collection":[{"href":"https:\/\/portal.fgeo.gob.mx\/index.php\/wp-json\/wp\/v2\/noticias"}],"about":[{"href":"https:\/\/portal.fgeo.gob.mx\/index.php\/wp-json\/wp\/v2\/types\/noticias"}],"author":[{"embeddable":true,"href":"https:\/\/portal.fgeo.gob.mx\/index.php\/wp-json\/wp\/v2\/users\/1"}],"replies":[{"embeddable":true,"href":"https:\/\/portal.fgeo.gob.mx\/index.php\/wp-json\/wp\/v2\/comments?post=15801"}],"wp:featuredmedia":[{"embeddable":true,"href":"https:\/\/portal.fgeo.gob.mx\/index.php\/wp-json\/"}],"wp:attachment":[{"href":"https:\/\/portal.fgeo.gob.mx\/index.php\/wp-json\/wp\/v2\/media?parent=15801"}],"wp:term":[{"taxonomy":"post_tag","embeddable":true,"href":"https:\/\/portal.fgeo.gob.mx\/index.php\/wp-json\/wp\/v2\/tags?post=15801"},{"taxonomy":"categoria_noticias","embeddable":true,"href":"https:\/\/portal.fgeo.gob.mx\/index.php\/wp-json\/wp\/v2\/categoria_noticias?post=15801"}],"curies":[{"name":"wp","href":"https:\/\/api.w.org\/{rel}","templated":true}]}}