{"id":15800,"date":"2023-08-16T17:30:08","date_gmt":"2023-08-16T23:30:08","guid":{"rendered":"http:\/\/fge.oaxaca.gob.mx\/?post_type=noticias&amp;p=5277"},"modified":"2023-08-16T17:30:08","modified_gmt":"2023-08-16T23:30:08","slug":"atencion-de-fenomeno-delictivo-requiere-colaboracion-interinstitucional-fiscal-de-oaxaca","status":"publish","type":"noticias","link":"https:\/\/portal.fgeo.gob.mx\/index.php\/archivos\/noticias\/atencion-de-fenomeno-delictivo-requiere-colaboracion-interinstitucional-fiscal-de-oaxaca","title":{"rendered":"Atenci\u00f3n de fen\u00f3meno delictivo, requiere colaboraci\u00f3n interinstitucional: Fiscal de Oaxaca"},"content":{"rendered":"<p style=\"font-weight: 400; text-align: justify;\"><strong>Oaxaca de Ju\u00e1rez, Oax., a 16 de agosto de 2023<\/strong>.- \u00a0Al participar en la \u201cMesa de Trabajo con las Instituciones Encargadas de la Seguridad P\u00fablica en el Estado de Oaxaca y la Secretar\u00eda de Seguridad y Protecci\u00f3n Ciudadana\u201d, el \u00a0Fiscal General del Estado, Bernardo Rodr\u00edguez Alamilla afirm\u00f3 que para atender el fen\u00f3meno delictivo de manera integral, se requiere una amplia colaboraci\u00f3n interinstitucional.<\/p>\n<p style=\"font-weight: 400; text-align: justify;\">Durante la reuni\u00f3n celebrada en Palacio de Gobierno, estuvieron presentes el subsecretario de Seguridad P\u00fablica a nivel Federal, Luis Rodr\u00edguez Bucio; el Secretario de Seguridad P\u00fablica y Protecci\u00f3n Ciudadana de Oaxaca, Iv\u00e1n Garc\u00eda \u00c1lvarez; la Secretaria Ejecutiva del Sistema Estatal de Seguridad P\u00fablica, Natalia Karina Bar\u00f3n Garc\u00eda, as\u00ed como autoridades municipales de la entidad.<\/p>\n<p style=\"font-weight: 400; text-align: justify;\">En este marco, Rodr\u00edguez Alamilla sostuvo que este tipo de encuentros permiten establecer alianzas estrat\u00e9gicas para robustecer los procesos de Procuraci\u00f3n de Justicia y articular acciones conjuntas para aumentar la capacidad de todas las instituciones.<\/p>\n<p style=\"font-weight: 400; text-align: justify;\">Agreg\u00f3 que, para la Fiscal\u00eda General del Estado este tipo de mesas de trabajo permiten no solo atender el fen\u00f3meno delictivo cuando los hechos se consumaron, sino poner especial \u00e9nfasis en materia de prevenci\u00f3n, pues las medidas preventivas permiten generar entornos m\u00e1s seguros.<\/p>\n<p style=\"font-weight: 400; text-align: justify;\">Por su parte, el subsecretario de Seguridad P\u00fablica Luis Rodr\u00edguez Bucio destac\u00f3 que estas acciones conjuntas permiten coordinar y reforzar actividades estrat\u00e9gicas en materia de seguridad nacional, a trav\u00e9s de las cuales el Gobierno Federal refrenda su compromiso de colaborar con las autoridades estatales para que puedan acceder a herramientas informativas que les permitan mejorar los procesos de tomas de decisiones.<\/p>\n<p style=\"font-weight: 400; text-align: justify;\">Tambi\u00e9n estuvieron presentes la secretaria T\u00e9cnica de las Conferencias Nacionales de Secretarias y Secretarios de Seguridad P\u00fablica del Sistema Penitenciario, A\u00edda Fabiola Valencia Ram\u00edrez; el director de Ciberseguridad y Sistema Biom\u00e9tricos, Eduardo God\u00ednez Hern\u00e1ndez; el director General de Coordinaci\u00f3n Interinstitucional y Enlace con las en Entidades Federativas, Juan Carlos Mancera\u00a0 Hern\u00e1ndez; el coordinador Nacional Antisecuestros, Marco Antonio Vargas Gonz\u00e1lez; la directora de \u00c1rea en el Centro Nacional de Informaci\u00f3n Plataforma M\u00e9xico, Ver\u00f3nica Garc\u00eda Garc\u00eda; el coordinador de Vinculaci\u00f3n y Difusi\u00f3n en Seguridad P\u00fablica, Enrique Escalante Arceo; el coordinador del Sistema Penal Acusatorio y Pol\u00edtica Policial, David Izquierdo S\u00e1nchez Hidalgo.<\/p>\n<p style=\"font-weight: 400; text-align: justify;\">El Fiscal General de Oaxaca afirm\u00f3 que parte del proceso de reingenier\u00eda institucional consiste en establecer alianzas para aumentar y mejorar las capacidades del organismo procurador de justicia, con el fin de dar mejores resultados a la sociedad.<\/p>\n","protected":false},"author":1,"featured_media":3175,"comment_status":"closed","ping_status":"closed","template":"","tags":[],"categoria_noticias":[],"class_list":["post-15800","noticias","type-noticias","status-publish","has-post-thumbnail","hentry"],"acf":[],"mb":[],"mfb_rest_fields":["title","gutenberg_elementor_mode"],"_links":{"self":[{"href":"https:\/\/portal.fgeo.gob.mx\/index.php\/wp-json\/wp\/v2\/noticias\/15800","targetHints":{"allow":["GET"]}}],"collection":[{"href":"https:\/\/portal.fgeo.gob.mx\/index.php\/wp-json\/wp\/v2\/noticias"}],"about":[{"href":"https:\/\/portal.fgeo.gob.mx\/index.php\/wp-json\/wp\/v2\/types\/noticias"}],"author":[{"embeddable":true,"href":"https:\/\/portal.fgeo.gob.mx\/index.php\/wp-json\/wp\/v2\/users\/1"}],"replies":[{"embeddable":true,"href":"https:\/\/portal.fgeo.gob.mx\/index.php\/wp-json\/wp\/v2\/comments?post=15800"}],"wp:featuredmedia":[{"embeddable":true,"href":"https:\/\/portal.fgeo.gob.mx\/index.php\/wp-json\/"}],"wp:attachment":[{"href":"https:\/\/portal.fgeo.gob.mx\/index.php\/wp-json\/wp\/v2\/media?parent=15800"}],"wp:term":[{"taxonomy":"post_tag","embeddable":true,"href":"https:\/\/portal.fgeo.gob.mx\/index.php\/wp-json\/wp\/v2\/tags?post=15800"},{"taxonomy":"categoria_noticias","embeddable":true,"href":"https:\/\/portal.fgeo.gob.mx\/index.php\/wp-json\/wp\/v2\/categoria_noticias?post=15800"}],"curies":[{"name":"wp","href":"https:\/\/api.w.org\/{rel}","templated":true}]}}