{"id":15799,"date":"2023-08-16T16:00:33","date_gmt":"2023-08-16T22:00:33","guid":{"rendered":"http:\/\/fge.oaxaca.gob.mx\/?post_type=noticias&amp;p=5276"},"modified":"2023-08-16T16:00:33","modified_gmt":"2023-08-16T22:00:33","slug":"logra-fiscalia-de-oaxaca-prision-preventiva-y-vinculacion-a-proceso-por-delitos-de-violacion-y-robo-cometidos-en-miahuatlan-de-porfirio-diaz","status":"publish","type":"noticias","link":"https:\/\/portal.fgeo.gob.mx\/index.php\/archivos\/noticias\/logra-fiscalia-de-oaxaca-prision-preventiva-y-vinculacion-a-proceso-por-delitos-de-violacion-y-robo-cometidos-en-miahuatlan-de-porfirio-diaz","title":{"rendered":"Logra Fiscal\u00eda de Oaxaca prisi\u00f3n preventiva y vinculaci\u00f3n a proceso, por delitos de Violaci\u00f3n y Robo cometidos en Miahuatl\u00e1n de Porfirio D\u00edaz"},"content":{"rendered":"<p style=\"font-weight: 400; text-align: justify;\"><strong>Oaxaca de Ju\u00e1rez, Oax., a 16 de agosto de 2023.-\u00a0\u00a0<\/strong>La Fiscal\u00eda General del Estado de Oaxaca (FGEO) obtuvo auto de vinculaci\u00f3n a proceso contra una persona del sexo masculino identificada como V. M. F. S., por los delitos de Robo Calificado y Violaci\u00f3n, en hechos cometidos en agravio de la v\u00edctima de iniciales S. B. C. G. y ocurridos en el municipio de Miahuatl\u00e1n de Porfirio D\u00edaz, en la regi\u00f3n de la Sierra Sur.<\/p>\n<p style=\"font-weight: 400; text-align: justify;\">De acuerdo con la causa penal, el 31 de julio del 2023, cuando la v\u00edctima se dirig\u00eda a su casa, fue interceptada por un sujeto que la despoj\u00f3 de manera violenta de su tel\u00e9fono celular y posteriormente la atac\u00f3 sexualmente.<\/p>\n<p style=\"font-weight: 400; text-align: justify;\">Ante estos hechos y tras la denuncia presentada, la Instituci\u00f3n de Procuraci\u00f3n de Justicia inici\u00f3 una exhaustiva investigaci\u00f3n, que permiti\u00f3 la obtenci\u00f3n de una orden de aprehensi\u00f3n correspondiente, misma que fue ejecutada por elementos de la Agencia Estatal de Investigaciones (AEI).<\/p>\n<p style=\"font-weight: 400; text-align: justify;\">En audiencia, el Juez de Control dict\u00f3 Auto de Vinculaci\u00f3n a proceso en contra de V. M. F. S., imponiendo la medida cautelar de prisi\u00f3n preventiva oficiosa contra el imputado y otorg\u00f3 tres meses para el cierre de investigaci\u00f3n complementaria.<\/p>\n<p style=\"font-weight: 400; text-align: justify;\">La Fiscal\u00eda General reitera en los hechos su compromiso de llevar ante la Justicia a todo aquel que vulnere los derechos y la integridad de ni\u00f1as, ni\u00f1os, adolescentes y mujeres.<\/p>\n","protected":false},"author":1,"featured_media":3175,"comment_status":"closed","ping_status":"closed","template":"","tags":[],"categoria_noticias":[],"class_list":["post-15799","noticias","type-noticias","status-publish","has-post-thumbnail","hentry"],"acf":[],"mb":[],"mfb_rest_fields":["title","gutenberg_elementor_mode"],"_links":{"self":[{"href":"https:\/\/portal.fgeo.gob.mx\/index.php\/wp-json\/wp\/v2\/noticias\/15799","targetHints":{"allow":["GET"]}}],"collection":[{"href":"https:\/\/portal.fgeo.gob.mx\/index.php\/wp-json\/wp\/v2\/noticias"}],"about":[{"href":"https:\/\/portal.fgeo.gob.mx\/index.php\/wp-json\/wp\/v2\/types\/noticias"}],"author":[{"embeddable":true,"href":"https:\/\/portal.fgeo.gob.mx\/index.php\/wp-json\/wp\/v2\/users\/1"}],"replies":[{"embeddable":true,"href":"https:\/\/portal.fgeo.gob.mx\/index.php\/wp-json\/wp\/v2\/comments?post=15799"}],"wp:featuredmedia":[{"embeddable":true,"href":"https:\/\/portal.fgeo.gob.mx\/index.php\/wp-json\/"}],"wp:attachment":[{"href":"https:\/\/portal.fgeo.gob.mx\/index.php\/wp-json\/wp\/v2\/media?parent=15799"}],"wp:term":[{"taxonomy":"post_tag","embeddable":true,"href":"https:\/\/portal.fgeo.gob.mx\/index.php\/wp-json\/wp\/v2\/tags?post=15799"},{"taxonomy":"categoria_noticias","embeddable":true,"href":"https:\/\/portal.fgeo.gob.mx\/index.php\/wp-json\/wp\/v2\/categoria_noticias?post=15799"}],"curies":[{"name":"wp","href":"https:\/\/api.w.org\/{rel}","templated":true}]}}