{"id":15798,"date":"2023-08-16T13:51:02","date_gmt":"2023-08-16T19:51:02","guid":{"rendered":"http:\/\/fge.oaxaca.gob.mx\/?post_type=noticias&amp;p=5275"},"modified":"2023-08-16T13:51:02","modified_gmt":"2023-08-16T19:51:02","slug":"pone-en-marcha-fiscalia-de-oaxaca-programa-permanente-en-educacion-en-derechos-humanos","status":"publish","type":"noticias","link":"https:\/\/portal.fgeo.gob.mx\/index.php\/archivos\/noticias\/pone-en-marcha-fiscalia-de-oaxaca-programa-permanente-en-educacion-en-derechos-humanos","title":{"rendered":"Pone en marcha Fiscal\u00eda de Oaxaca \u201cPrograma Permanente en Educaci\u00f3n en Derechos Humanos\u201d"},"content":{"rendered":"<p style=\"font-weight: 400; text-align: justify;\"><strong>Oaxaca de Ju\u00e1rez, Oax., a 16 de agosto de 2023.-<\/strong>\u00a0 Al iniciar los trabajos del \u201cPrograma Permanente en Educaci\u00f3n en Derechos Humanos\u201d con una conferencia magistral de Luis Gonz\u00e1lez Placencia, el Fiscal General del Estado, Bernardo Rodr\u00edguez Alamilla dijo que las recomendaciones y observaciones que recibe la instituci\u00f3n en materia de derechos humanos son oportunidades, pues a trav\u00e9s de \u00e9stas se pueden detectar las \u00e1reas que necesitan ser fortalecidas o transformadas, lo que se ver\u00e1 reflejado en mejores servicios y eficacia.<\/p>\n<p style=\"font-weight: 400; text-align: justify;\">En el acto realizado en las instalaciones del Instituto de Investigaciones Sociol\u00f3gicas de la Universidad Aut\u00f3noma Benito Ju\u00e1rez de Oaxaca (UABJO), estuvieron presentes el director del IISUABJO, Heriberto Ruiz Ponce; el secretario General Ejecutivo de la Asociaci\u00f3n Nacional de Universidades e Instituciones de Educaci\u00f3n Superior, Luis Armando Gonz\u00e1lez Placencia; la Vicefiscal de Atenci\u00f3n a V\u00edctimas y a la Sociedad, Michel Juli\u00e1n L\u00f3pez; la directora del Servicio Profesional de Carrera, Amalia Rueda Alonso y el director del Instituto de Capacitaci\u00f3n y Formaci\u00f3n Profesional, Juan Pablo Morales Garc\u00eda.<\/p>\n<p style=\"font-weight: 400; text-align: justify;\">Rodr\u00edguez Alamilla apunt\u00f3 que los procesos de procuraci\u00f3n de justicia requieren continuamente de armonizaci\u00f3n y convergencia con los derechos humanos, es as\u00ed como, desde la Fiscal\u00eda, se impulsan acciones de formaci\u00f3n que permitan a quienes colaboran en la instituci\u00f3n, fortalecer sus conocimientos y capacidades para integrarlo en sus labores cotidianas.<\/p>\n<p style=\"font-weight: 400; text-align: justify;\">Por ello, desde la reingenier\u00eda institucional se prioriza acercar las herramientas que ayuden a quienes trabajan en la Fiscal\u00eda de Oaxaca a enriquecer y fortalecer sus conocimientos en materias como derechos humanos y otras, pues las personas son la base de las instituciones, afirm\u00f3 el Fiscal de Oaxaca.<\/p>\n<p style=\"font-weight: 400; text-align: justify;\">Por su parte, el director del Instituto de Investigaciones Sociol\u00f3gicas de la UABJO, Heriberto Ruiz Ponce, se\u00f1al\u00f3 que la Universidad est\u00e1 cambiando y busca ser un ente que coadyuve o colabore en los diferentes procesos de atenci\u00f3n que existen en las instancias p\u00fablicas a los grandes pendientes sociales que tiene el Estado, especialmente en estos procesos de coyuntura y cambio.<\/p>\n<p style=\"font-weight: 400; text-align: justify;\">Durante su conferencia magistral \u201cDerechos Humanos y Sistemas de Justicia\u201d, el secretario General Ejecutivo de la Asociaci\u00f3n Nacional de Universidades e Instituciones de Educaci\u00f3n Superior, Luis Armando Gonz\u00e1lez Placencia, expuso que es importante que las y los servidores p\u00fablicos tengan herramientas te\u00f3ricas y pr\u00e1cticas que les permitan cumplir con la obligaci\u00f3n constitucional que tienen de promover, respetar, proteger y garantizar los derechos humanos en cada una de sus funciones.<\/p>\n<p style=\"font-weight: 400; text-align: justify;\">Finalmente, Gonz\u00e1lez Placencia resalt\u00f3 como ejemplo que, para la Fiscal\u00eda General del Estado de Oaxaca, el derecho al debido proceso es clave para la legitimidad en los procedimientos legales, por ello, las acciones de formaci\u00f3n como esta coadyuvan a que, quienes integran el organismo aut\u00f3nomo, accedan a herramientas que les faciliten la incorporaci\u00f3n de la perspectiva de derechos humanos a sus actividades en forma m\u00e1s eficaz.<\/p>\n","protected":false},"author":1,"featured_media":3175,"comment_status":"closed","ping_status":"closed","template":"","tags":[],"categoria_noticias":[],"class_list":["post-15798","noticias","type-noticias","status-publish","has-post-thumbnail","hentry"],"acf":[],"mb":[],"mfb_rest_fields":["title","gutenberg_elementor_mode"],"_links":{"self":[{"href":"https:\/\/portal.fgeo.gob.mx\/index.php\/wp-json\/wp\/v2\/noticias\/15798","targetHints":{"allow":["GET"]}}],"collection":[{"href":"https:\/\/portal.fgeo.gob.mx\/index.php\/wp-json\/wp\/v2\/noticias"}],"about":[{"href":"https:\/\/portal.fgeo.gob.mx\/index.php\/wp-json\/wp\/v2\/types\/noticias"}],"author":[{"embeddable":true,"href":"https:\/\/portal.fgeo.gob.mx\/index.php\/wp-json\/wp\/v2\/users\/1"}],"replies":[{"embeddable":true,"href":"https:\/\/portal.fgeo.gob.mx\/index.php\/wp-json\/wp\/v2\/comments?post=15798"}],"wp:featuredmedia":[{"embeddable":true,"href":"https:\/\/portal.fgeo.gob.mx\/index.php\/wp-json\/"}],"wp:attachment":[{"href":"https:\/\/portal.fgeo.gob.mx\/index.php\/wp-json\/wp\/v2\/media?parent=15798"}],"wp:term":[{"taxonomy":"post_tag","embeddable":true,"href":"https:\/\/portal.fgeo.gob.mx\/index.php\/wp-json\/wp\/v2\/tags?post=15798"},{"taxonomy":"categoria_noticias","embeddable":true,"href":"https:\/\/portal.fgeo.gob.mx\/index.php\/wp-json\/wp\/v2\/categoria_noticias?post=15798"}],"curies":[{"name":"wp","href":"https:\/\/api.w.org\/{rel}","templated":true}]}}