{"id":15796,"date":"2023-08-14T18:40:56","date_gmt":"2023-08-15T00:40:56","guid":{"rendered":"http:\/\/fge.oaxaca.gob.mx\/?post_type=noticias&amp;p=5270"},"modified":"2023-08-14T18:40:56","modified_gmt":"2023-08-15T00:40:56","slug":"obtiene-fgeo-prision-preventiva-y-vinculacion-a-proceso-por-desaparicion-de-una-adolescente-en-valles-centrales","status":"publish","type":"noticias","link":"https:\/\/portal.fgeo.gob.mx\/index.php\/archivos\/noticias\/obtiene-fgeo-prision-preventiva-y-vinculacion-a-proceso-por-desaparicion-de-una-adolescente-en-valles-centrales","title":{"rendered":"Obtiene FGEO prisi\u00f3n preventiva y vinculaci\u00f3n a proceso por desaparici\u00f3n de una adolescente en Valles Centrales"},"content":{"rendered":"<p style=\"font-weight: 400; text-align: justify;\"><strong>Oaxaca de Ju\u00e1rez, Oax., a 14 de agosto de 2023.-<\/strong>\u00a0La Fiscal\u00eda General del Estado de Oaxaca (FGEO) obtuvo vinculaci\u00f3n a proceso y prisi\u00f3n preventiva contra un hombre identificado como L.D.V.G., por el delito de desaparici\u00f3n cometida por particulares en agravio de una adolescente \u2013 de quien se reserva su identidad- delito cometido en la regi\u00f3n de Valles Centrales.<\/p>\n<p style=\"font-weight: 400; text-align: justify;\">De acuerdo con la indagatoria, los hechos ocurrieron el 8 de julio de 2023 cuando la adolescente fue citada en Santa In\u00e9s Yatzeche, donde la subi\u00f3 a una motocicleta y el imputado la habr\u00eda llevado por la zona de Santa Cruz Nexila, siendo esa la \u00faltima vez que la vieron con vida.<\/p>\n<p style=\"font-weight: 400; text-align: justify;\">Derivado de las investigaciones realizadas por la Vicefiscal\u00eda General de Atenci\u00f3n a V\u00edctimas y a la Sociedad, a trav\u00e9s de la Unidad Especializada en Desaparici\u00f3n Forzada, se logr\u00f3 obtener una orden de aprehensi\u00f3n por el caso y se ejecut\u00f3, logrando la detenci\u00f3n de L.D.V.G., quien fue presentado ante el juez que conoce la causa, dictando auto de vinculaci\u00f3n a proceso, adem\u00e1s que impuso la medida cautelar de prisi\u00f3n preventiva.<\/p>\n<p style=\"font-weight: 400; text-align: justify;\">La Fiscal\u00eda General de Oaxaca est\u00e1 comprometida con brindar procesos de procuraci\u00f3n de justicia que sean expeditos y con estricto apego a la ley para que se puedan brindar certeza a las v\u00edctimas directas e indirectas de los delitos.<\/p>\n","protected":false},"author":1,"featured_media":3175,"comment_status":"closed","ping_status":"closed","template":"","tags":[],"categoria_noticias":[],"class_list":["post-15796","noticias","type-noticias","status-publish","has-post-thumbnail","hentry"],"acf":[],"mb":[],"mfb_rest_fields":["title","gutenberg_elementor_mode"],"_links":{"self":[{"href":"https:\/\/portal.fgeo.gob.mx\/index.php\/wp-json\/wp\/v2\/noticias\/15796","targetHints":{"allow":["GET"]}}],"collection":[{"href":"https:\/\/portal.fgeo.gob.mx\/index.php\/wp-json\/wp\/v2\/noticias"}],"about":[{"href":"https:\/\/portal.fgeo.gob.mx\/index.php\/wp-json\/wp\/v2\/types\/noticias"}],"author":[{"embeddable":true,"href":"https:\/\/portal.fgeo.gob.mx\/index.php\/wp-json\/wp\/v2\/users\/1"}],"replies":[{"embeddable":true,"href":"https:\/\/portal.fgeo.gob.mx\/index.php\/wp-json\/wp\/v2\/comments?post=15796"}],"wp:featuredmedia":[{"embeddable":true,"href":"https:\/\/portal.fgeo.gob.mx\/index.php\/wp-json\/"}],"wp:attachment":[{"href":"https:\/\/portal.fgeo.gob.mx\/index.php\/wp-json\/wp\/v2\/media?parent=15796"}],"wp:term":[{"taxonomy":"post_tag","embeddable":true,"href":"https:\/\/portal.fgeo.gob.mx\/index.php\/wp-json\/wp\/v2\/tags?post=15796"},{"taxonomy":"categoria_noticias","embeddable":true,"href":"https:\/\/portal.fgeo.gob.mx\/index.php\/wp-json\/wp\/v2\/categoria_noticias?post=15796"}],"curies":[{"name":"wp","href":"https:\/\/api.w.org\/{rel}","templated":true}]}}