{"id":15795,"date":"2023-08-14T16:06:32","date_gmt":"2023-08-14T22:06:32","guid":{"rendered":"http:\/\/fge.oaxaca.gob.mx\/?post_type=noticias&amp;p=5269"},"modified":"2023-08-14T16:06:32","modified_gmt":"2023-08-14T22:06:32","slug":"fiscalia-de-oaxaca-libera-a-una-persona-secuestrada-y-realiza-una-detencion-durante-operativo-realizado-en-la-mixteca","status":"publish","type":"noticias","link":"https:\/\/portal.fgeo.gob.mx\/index.php\/archivos\/noticias\/fiscalia-de-oaxaca-libera-a-una-persona-secuestrada-y-realiza-una-detencion-durante-operativo-realizado-en-la-mixteca","title":{"rendered":"Fiscal\u00eda de Oaxaca libera a una persona secuestrada y realiza una detenci\u00f3n durante operativo realizado en la Mixteca"},"content":{"rendered":"<p style=\"font-weight: 400; text-align: justify;\"><strong>Oaxaca de Ju\u00e1rez, Oax., 14 de agosto de 2023.-\u00a0<\/strong>La Fiscal\u00eda General del Estado de Oaxaca (FGEO) realiz\u00f3 un operativo, encabezado por la Agencia Estatal de Investigaciones, el cual permiti\u00f3 localizar y liberar a una persona que hab\u00eda sido secuestrada en la regi\u00f3n de la Mixteca; adem\u00e1s, una persona fue detenida en flagrancia y se aseguraron tres veh\u00edculos.<\/p>\n<p style=\"font-weight: 400; text-align: justify;\">Los hechos ocurrieron el 12 de agosto de 2023, cuando un grupo de personas viajaba a bordo de un autom\u00f3vil sobre la Carretera Federal en el tramo que pasa por Asunci\u00f3n Nochixtl\u00e1n, cuando fueron interceptados por dos veh\u00edculos de los que descendieron hombres armados que sometieron a las v\u00edctimas, robaron sus pertenencias, se llevaron su autom\u00f3vil y secuestraron a una persona identificada como J. G. L.<\/p>\n<p style=\"font-weight: 400; text-align: justify;\">Ante la situaci\u00f3n, dieron aviso a la FGEO que, con datos concretos sobre la probable ubicaci\u00f3n de la v\u00edctima y sus captores, desplegaron un operativo coordinado por elementos de la AEI, por el cual se trasladaron a unas caba\u00f1as localizadas en la colonia La Lobera en la Heroica Ciudad de Tlaxiaco, donde encontraron a la v\u00edctima, a quien pusieron bajo resguardo.<\/p>\n<p style=\"font-weight: 400; text-align: justify;\">Adem\u00e1s, durante este operativo, detuvieron a una persona del sexo masculino identificada como E. Y. R. Z., quien fue puesto a disposici\u00f3n de la autoridad judicial correspondiente; asimismo, se aseguraron tres veh\u00edculos que se integraron a las investigaciones.<\/p>\n<p style=\"font-weight: 400; text-align: justify;\">La denuncia inmediata por parte de las v\u00edctimas permiti\u00f3 que la Fiscal\u00eda de Oaxaca realizara un operativo con el que fue posible liberar con vida a la v\u00edctima, labores que refrendan el compromiso que la instituci\u00f3n tiene con la sociedad.<\/p>\n","protected":false},"author":1,"featured_media":3175,"comment_status":"closed","ping_status":"closed","template":"","tags":[],"categoria_noticias":[],"class_list":["post-15795","noticias","type-noticias","status-publish","has-post-thumbnail","hentry"],"acf":[],"mb":[],"mfb_rest_fields":["title","gutenberg_elementor_mode"],"_links":{"self":[{"href":"https:\/\/portal.fgeo.gob.mx\/index.php\/wp-json\/wp\/v2\/noticias\/15795","targetHints":{"allow":["GET"]}}],"collection":[{"href":"https:\/\/portal.fgeo.gob.mx\/index.php\/wp-json\/wp\/v2\/noticias"}],"about":[{"href":"https:\/\/portal.fgeo.gob.mx\/index.php\/wp-json\/wp\/v2\/types\/noticias"}],"author":[{"embeddable":true,"href":"https:\/\/portal.fgeo.gob.mx\/index.php\/wp-json\/wp\/v2\/users\/1"}],"replies":[{"embeddable":true,"href":"https:\/\/portal.fgeo.gob.mx\/index.php\/wp-json\/wp\/v2\/comments?post=15795"}],"wp:featuredmedia":[{"embeddable":true,"href":"https:\/\/portal.fgeo.gob.mx\/index.php\/wp-json\/"}],"wp:attachment":[{"href":"https:\/\/portal.fgeo.gob.mx\/index.php\/wp-json\/wp\/v2\/media?parent=15795"}],"wp:term":[{"taxonomy":"post_tag","embeddable":true,"href":"https:\/\/portal.fgeo.gob.mx\/index.php\/wp-json\/wp\/v2\/tags?post=15795"},{"taxonomy":"categoria_noticias","embeddable":true,"href":"https:\/\/portal.fgeo.gob.mx\/index.php\/wp-json\/wp\/v2\/categoria_noticias?post=15795"}],"curies":[{"name":"wp","href":"https:\/\/api.w.org\/{rel}","templated":true}]}}