{"id":15794,"date":"2023-08-13T22:00:34","date_gmt":"2023-08-14T04:00:34","guid":{"rendered":"http:\/\/fge.oaxaca.gob.mx\/?post_type=noticias&amp;p=5267"},"modified":"2023-08-13T22:00:34","modified_gmt":"2023-08-14T04:00:34","slug":"ejecuta-fgeo-orden-de-aprehension-por-la-muerte-de-un-nino-ocurrida-en-la-capital-de-oaxaca","status":"publish","type":"noticias","link":"https:\/\/portal.fgeo.gob.mx\/index.php\/archivos\/noticias\/ejecuta-fgeo-orden-de-aprehension-por-la-muerte-de-un-nino-ocurrida-en-la-capital-de-oaxaca","title":{"rendered":"Ejecuta FGEO orden de aprehensi\u00f3n por la muerte de un ni\u00f1o, ocurrida en la capital de Oaxaca"},"content":{"rendered":"<p style=\"font-weight: 400; text-align: justify;\"><strong>Oaxaca de Ju\u00e1rez, Oax., a 13 de agosto de 2023.-\u00a0<\/strong>La Fiscal\u00eda General del Estado de Oaxaca (FGEO) ejecut\u00f3 una orden de aprehensi\u00f3n contra un hombre identificado como J.C.V.S., por los delitos de homicidio calificado con ventaja y violencia familiar, el primero cometido en agravio de un ni\u00f1o de cuatro a\u00f1os \u2013de quien se reserva su identidad por ley-, ocurrido en capital del estado.<\/p>\n<p style=\"font-weight: 400; text-align: justify;\">De acuerdo con la causa penal, los hechos ocurrieron el pasado 11 de agosto en la colonia del Maestro, cuando J.C.V.S. llev\u00f3 al ni\u00f1o a una farmacia Similares para recibir atenci\u00f3n m\u00e9dica, sin embargo, el especialista se percat\u00f3 que el menor de edad ya no ten\u00eda signos vitales, por lo que dio parte a las autoridades.<\/p>\n<p style=\"font-weight: 400; text-align: justify;\">Al tener conocimiento de los hechos, la FGEO atrajo el caso e inici\u00f3 las investigaciones correspondientes por medio de la Fiscal\u00eda Especializada para la Atenci\u00f3n de Delitos contra la Mujer por Raz\u00f3n de G\u00e9nero.<\/p>\n<p style=\"font-weight: 400; text-align: justify;\">Tras la ejecuci\u00f3n de la orden de aprehensi\u00f3n por los delitos de homicidio calificado con ventaja en contra del menor de edad, as\u00ed como el delito de violencia familiar en contra de S.E.G.G., el imputado J.C.V.S., fue puesto a disposici\u00f3n de las autoridades correspondientes, quienes determinar\u00e1n su situaci\u00f3n jur\u00eddica en las pr\u00f3ximas horas.<\/p>\n<p style=\"font-weight: 400; text-align: justify;\">La Fiscal\u00eda General del Estado de Oaxaca prioriza la investigaci\u00f3n de los delitos contra ni\u00f1as, ni\u00f1os y adolescentes, as\u00ed como mujeres, por ello, cuenta con perspectiva de infancia y g\u00e9nero, esto con el objetivo de brindar mejores resultados a las v\u00edctimas directas e indirectas para garantizarles un adecuado acceso a la procuraci\u00f3n de justicia.<\/p>\n","protected":false},"author":1,"featured_media":3175,"comment_status":"closed","ping_status":"closed","template":"","tags":[],"categoria_noticias":[],"class_list":["post-15794","noticias","type-noticias","status-publish","has-post-thumbnail","hentry"],"acf":[],"mb":[],"mfb_rest_fields":["title","gutenberg_elementor_mode"],"_links":{"self":[{"href":"https:\/\/portal.fgeo.gob.mx\/index.php\/wp-json\/wp\/v2\/noticias\/15794","targetHints":{"allow":["GET"]}}],"collection":[{"href":"https:\/\/portal.fgeo.gob.mx\/index.php\/wp-json\/wp\/v2\/noticias"}],"about":[{"href":"https:\/\/portal.fgeo.gob.mx\/index.php\/wp-json\/wp\/v2\/types\/noticias"}],"author":[{"embeddable":true,"href":"https:\/\/portal.fgeo.gob.mx\/index.php\/wp-json\/wp\/v2\/users\/1"}],"replies":[{"embeddable":true,"href":"https:\/\/portal.fgeo.gob.mx\/index.php\/wp-json\/wp\/v2\/comments?post=15794"}],"wp:featuredmedia":[{"embeddable":true,"href":"https:\/\/portal.fgeo.gob.mx\/index.php\/wp-json\/"}],"wp:attachment":[{"href":"https:\/\/portal.fgeo.gob.mx\/index.php\/wp-json\/wp\/v2\/media?parent=15794"}],"wp:term":[{"taxonomy":"post_tag","embeddable":true,"href":"https:\/\/portal.fgeo.gob.mx\/index.php\/wp-json\/wp\/v2\/tags?post=15794"},{"taxonomy":"categoria_noticias","embeddable":true,"href":"https:\/\/portal.fgeo.gob.mx\/index.php\/wp-json\/wp\/v2\/categoria_noticias?post=15794"}],"curies":[{"name":"wp","href":"https:\/\/api.w.org\/{rel}","templated":true}]}}