{"id":15791,"date":"2023-08-11T17:01:57","date_gmt":"2023-08-11T23:01:57","guid":{"rendered":"http:\/\/fge.oaxaca.gob.mx\/?post_type=noticias&amp;p=5264"},"modified":"2023-08-11T17:01:57","modified_gmt":"2023-08-11T23:01:57","slug":"investiga-fgeo-caso-de-maltrato-animal-en-san-antonio-de-la-cal","status":"publish","type":"noticias","link":"https:\/\/portal.fgeo.gob.mx\/index.php\/archivos\/noticias\/investiga-fgeo-caso-de-maltrato-animal-en-san-antonio-de-la-cal","title":{"rendered":"Investiga FGEO caso de maltrato animal en San Antonio de la Cal"},"content":{"rendered":"<p style=\"font-weight: 400; text-align: justify;\"><strong>Oaxaca de Ju\u00e1rez, Oax., a 11 de agosto de 2023<\/strong>.- \u00a0La Fiscal\u00eda General del Estado de Oaxaca inici\u00f3 una carpeta de investigaci\u00f3n por el delito de maltrato animal, luego que se diera a conocer del ataque perpetrado con arma corto contundente (machete) contra un perro, hecho ocurrido en la regi\u00f3n de Valles Centrales.<\/p>\n<p style=\"font-weight: 400; text-align: justify;\">La instituci\u00f3n abri\u00f3 de oficio la carpeta de investigaci\u00f3n 27926\/FVCE\/OAXACA\/2023, a trav\u00e9s de la cual indaga las lesiones que una persona le habr\u00eda causado a un animal vertebrado, en San Antonio de la Cal.<\/p>\n<p style=\"font-weight: 400; text-align: justify;\">Ante ello, la FGEO a trav\u00e9s de su Unidad Operativa Especializada contra la Crueldad Animal realiza las investigaciones correspondientes para obtener indicios que permitan esclarecer los hechos y dar con quien o quienes resulten responsables de estos hechos.<\/p>\n<p style=\"font-weight: 400; text-align: justify;\">La instituci\u00f3n procuradora de justicia refrenda el compromiso de atender los casos de delitos cometidos contra animales vertebrados, pues el maltrato hacia estos seres vivos se encuentra tipificado en el C\u00f3digo Penal de Oaxaca.<\/p>\n","protected":false},"author":1,"featured_media":3175,"comment_status":"closed","ping_status":"closed","template":"","tags":[],"categoria_noticias":[],"class_list":["post-15791","noticias","type-noticias","status-publish","has-post-thumbnail","hentry"],"acf":[],"mb":[],"mfb_rest_fields":["title","gutenberg_elementor_mode"],"_links":{"self":[{"href":"https:\/\/portal.fgeo.gob.mx\/index.php\/wp-json\/wp\/v2\/noticias\/15791","targetHints":{"allow":["GET"]}}],"collection":[{"href":"https:\/\/portal.fgeo.gob.mx\/index.php\/wp-json\/wp\/v2\/noticias"}],"about":[{"href":"https:\/\/portal.fgeo.gob.mx\/index.php\/wp-json\/wp\/v2\/types\/noticias"}],"author":[{"embeddable":true,"href":"https:\/\/portal.fgeo.gob.mx\/index.php\/wp-json\/wp\/v2\/users\/1"}],"replies":[{"embeddable":true,"href":"https:\/\/portal.fgeo.gob.mx\/index.php\/wp-json\/wp\/v2\/comments?post=15791"}],"wp:featuredmedia":[{"embeddable":true,"href":"https:\/\/portal.fgeo.gob.mx\/index.php\/wp-json\/"}],"wp:attachment":[{"href":"https:\/\/portal.fgeo.gob.mx\/index.php\/wp-json\/wp\/v2\/media?parent=15791"}],"wp:term":[{"taxonomy":"post_tag","embeddable":true,"href":"https:\/\/portal.fgeo.gob.mx\/index.php\/wp-json\/wp\/v2\/tags?post=15791"},{"taxonomy":"categoria_noticias","embeddable":true,"href":"https:\/\/portal.fgeo.gob.mx\/index.php\/wp-json\/wp\/v2\/categoria_noticias?post=15791"}],"curies":[{"name":"wp","href":"https:\/\/api.w.org\/{rel}","templated":true}]}}