{"id":15790,"date":"2023-08-11T15:03:07","date_gmt":"2023-08-11T21:03:07","guid":{"rendered":"http:\/\/fge.oaxaca.gob.mx\/?post_type=noticias&amp;p=5263"},"modified":"2023-08-11T15:03:07","modified_gmt":"2023-08-11T21:03:07","slug":"tiene-fiscalia-de-oaxaca-solidas-lineas-de-investigacion-en-caso-de-muerte-de-nino-ocurrida-en-la-capital-del-estado","status":"publish","type":"noticias","link":"https:\/\/portal.fgeo.gob.mx\/index.php\/archivos\/noticias\/tiene-fiscalia-de-oaxaca-solidas-lineas-de-investigacion-en-caso-de-muerte-de-nino-ocurrida-en-la-capital-del-estado","title":{"rendered":"Tiene Fiscal\u00eda de Oaxaca s\u00f3lidas l\u00edneas de investigaci\u00f3n en caso de muerte de ni\u00f1o ocurrida en la capital del estado"},"content":{"rendered":"<p style=\"font-weight: 400; text-align: justify;\"><strong>Oaxaca de Ju\u00e1rez, Oax., a 11 de agosto de 2023<\/strong>.- \u00a0La Fiscal\u00eda General del Estado de Oaxaca cuenta con s\u00f3lidas l\u00edneas de investigaci\u00f3n en el caso de la muerte de un ni\u00f1o de cuatro a\u00f1os -de quien se reserva su identidad-, ocurrida en la capital del estado.<\/p>\n<p style=\"font-weight: 400; text-align: justify;\">La Fiscal\u00eda Especializada para la Atenci\u00f3n a Delitos contra la Mujer por Raz\u00f3n de G\u00e9nero, a trav\u00e9s de la Unidad de Delitos contra Ni\u00f1as, Ni\u00f1os y Adolescentes, conjuntamente con personal del Instituto de Servicios Periciales y la Agencia Estatal de Investigaciones realizaron las diligencias legales y cient\u00edficas correspondientes en el lugar de los hechos.<\/p>\n<p style=\"font-weight: 400; text-align: justify;\">De acuerdo con las primeras investigaciones, el ni\u00f1o habr\u00eda sido llevado a una farmacia de Similares ubicada en la colonia del Maestro para recibir atenci\u00f3n m\u00e9dica, sin embargo, el especialista se percat\u00f3 que ya no ten\u00eda signos vitales, por lo que dio parte a las autoridades.<\/p>\n<p style=\"font-weight: 400; text-align: justify;\">Ante ello, la FGEO traslad\u00f3 un equipo multidisciplinario para allegarse de pruebas para esclarecer las circunstancias y motivos de muerte del menor, por lo que se cuentan con s\u00f3lidas l\u00edneas de investigaci\u00f3n que permitir\u00e1n a la brevedad, proceder ante el Juez.<\/p>\n<p style=\"font-weight: 400; text-align: justify;\">La Fiscal\u00eda General del Estado reitera su compromiso de realizar todas las acciones necesarias que permitan brindar acceso a la procuraci\u00f3n de justicia a las v\u00edctimas directas e indirectas de delitos cometidos contra ni\u00f1as, ni\u00f1os y adolescentes,\u00a0pues esto permite evitar la repetici\u00f3n de hechos que lesionan a la sociedad en su conjunto.<\/p>\n","protected":false},"author":1,"featured_media":3175,"comment_status":"closed","ping_status":"closed","template":"","tags":[],"categoria_noticias":[],"class_list":["post-15790","noticias","type-noticias","status-publish","has-post-thumbnail","hentry"],"acf":[],"mb":[],"mfb_rest_fields":["title","gutenberg_elementor_mode"],"_links":{"self":[{"href":"https:\/\/portal.fgeo.gob.mx\/index.php\/wp-json\/wp\/v2\/noticias\/15790","targetHints":{"allow":["GET"]}}],"collection":[{"href":"https:\/\/portal.fgeo.gob.mx\/index.php\/wp-json\/wp\/v2\/noticias"}],"about":[{"href":"https:\/\/portal.fgeo.gob.mx\/index.php\/wp-json\/wp\/v2\/types\/noticias"}],"author":[{"embeddable":true,"href":"https:\/\/portal.fgeo.gob.mx\/index.php\/wp-json\/wp\/v2\/users\/1"}],"replies":[{"embeddable":true,"href":"https:\/\/portal.fgeo.gob.mx\/index.php\/wp-json\/wp\/v2\/comments?post=15790"}],"wp:featuredmedia":[{"embeddable":true,"href":"https:\/\/portal.fgeo.gob.mx\/index.php\/wp-json\/"}],"wp:attachment":[{"href":"https:\/\/portal.fgeo.gob.mx\/index.php\/wp-json\/wp\/v2\/media?parent=15790"}],"wp:term":[{"taxonomy":"post_tag","embeddable":true,"href":"https:\/\/portal.fgeo.gob.mx\/index.php\/wp-json\/wp\/v2\/tags?post=15790"},{"taxonomy":"categoria_noticias","embeddable":true,"href":"https:\/\/portal.fgeo.gob.mx\/index.php\/wp-json\/wp\/v2\/categoria_noticias?post=15790"}],"curies":[{"name":"wp","href":"https:\/\/api.w.org\/{rel}","templated":true}]}}