{"id":15789,"date":"2023-08-10T17:38:14","date_gmt":"2023-08-10T23:38:14","guid":{"rendered":"http:\/\/fge.oaxaca.gob.mx\/?post_type=noticias&amp;p=5262"},"modified":"2023-08-10T17:38:14","modified_gmt":"2023-08-10T23:38:14","slug":"establecen-acuerdo-para-el-reconocimiento-de-personas-defensoras-de-derechos-humanos","status":"publish","type":"noticias","link":"https:\/\/portal.fgeo.gob.mx\/index.php\/archivos\/noticias\/establecen-acuerdo-para-el-reconocimiento-de-personas-defensoras-de-derechos-humanos","title":{"rendered":"Establecen Acuerdo para el Reconocimiento de Personas Defensoras de Derechos Humanos"},"content":{"rendered":"<p style=\"font-weight: 400; text-align: justify;\"><strong>Oaxaca de Ju\u00e1rez, Oax., a 10 de agosto de 2023<\/strong>.- Al firmar el Acuerdo para el Reconocimiento de las Personas Defensoras de Derechos Humanos de Oaxaca, el Fiscal General del Estado, Bernardo Rodr\u00edguez Alamilla, afirm\u00f3 que la instituci\u00f3n se encuentra en un proceso de implementaci\u00f3n del Protocolo de Actuaci\u00f3n Ministerial para la Investigaci\u00f3n de Delitos cometidos en contra de Personas Defensoras de Derechos Humanos, publicado en mayo de este a\u00f1o y construido conjuntamente con la sociedad civil.<\/p>\n<p style=\"font-weight: 400; text-align: justify;\">En el acto protocolario, realizado en la Universidad Jos\u00e9 Vasconcelos, estuvo presente la Coordinadora para la Atenci\u00f3n de los Derechos Humanos del Poder Ejecutivo, Flor Estela Morales L\u00f3pez; la Defensora de los Derechos Humanos del Pueblo de Oaxaca, Elizabeth Lara Rodr\u00edguez; el subsecretario de Informaci\u00f3n y Desarrollo Institucional de la Secretar\u00eda de Seguridad P\u00fablica, Rolando Iv\u00e1n Borde; la coordinadora del Comit\u00e9 de Defensa Integral de Derechos Humanos, Gobixha A.C. Sara M\u00e9ndez Morales y la Rectora Kelmic Hern\u00e1ndez Arreort\u00faa.<\/p>\n<p style=\"font-weight: 400; text-align: justify;\">El Fiscal General explic\u00f3 que la firma del acuerdo es un avance para hacer justiciable el derecho a defender de las personas defensoras, y para ello se requieren alianzas interinstitucionales y con asociaciones de la sociedad civil que permitan realizar acciones concretas.<\/p>\n<p style=\"font-weight: 400; text-align: justify;\">Resalt\u00f3 que, a lo largo de los tres a\u00f1os del Acuerdo, se han obtenido frutos como el propio Protocolo de Actuaci\u00f3n Ministerial, mismo que es una herramienta que permite brindar una atenci\u00f3n adecuada y con base en est\u00e1ndares internacionales para atender en forma pronta y expedita, delitos cometidos contra las y los defensores, pero, adem\u00e1s, acciones preventivas y urgentes de manera conjunta con el Mecanismo de Protecci\u00f3n de Personas Defensoras y Periodistas en el \u00e1mbito federal.<\/p>\n<p style=\"font-weight: 400; text-align: justify;\">Refiri\u00f3 que, en los \u00faltimos cinco a\u00f1os, la FGEO abri\u00f3 53 carpetas de investigaci\u00f3n relacionadas con delitos cometidos contra personas defensoras, las cuales garantiz\u00f3 se est\u00e1n investigando para alcanzar un resultado que permita mandar un mensaje de no impunidad y as\u00ed evitar que este tipo de hechos se repitan.<\/p>\n<p style=\"font-weight: 400; text-align: justify;\">Por su parte, la titular de la Coordinaci\u00f3n para la Atenci\u00f3n a los Derechos Humanos del Poder Ejecutivo, Flor Estela Morales reconoci\u00f3 que la labor de las personas defensoras de derechos humanos es esencial para toda la sociedad, pero se requieren acciones conjuntas entre instituciones y sociedad civil que permitan generar un contexto de seguridad para quienes defienden derechos humanos.<\/p>\n<p style=\"font-weight: 400; text-align: justify;\">Mientras que, la Defensora de los Derechos Humanos del Pueblo de Oaxaca, Elizabeth Lara Rodr\u00edguez dijo que garantizar la labor de defensa de los derechos humanos es una acci\u00f3n que dignifica la labor de las instituciones, adem\u00e1s, resalt\u00f3 la colaboraci\u00f3n con la sociedad civil organizada, pues permite darle una visi\u00f3n distinta y m\u00e1s emp\u00e1tica a los procesos de atenci\u00f3n.<\/p>\n<p style=\"font-weight: 400; text-align: justify;\">En su intervenci\u00f3n, la coordinadora del Comit\u00e9 de Defensa Integral de Derechos Humanos, Gobixha A.C. Sara M\u00e9ndez Morales resalt\u00f3 que el objetivo de este acuerdo es impulsar y evaluar acciones coordinadas para la protecci\u00f3n del derecho a defender derechos humanos, as\u00ed como promover una visi\u00f3n de conjunto para la atenci\u00f3n a los casos de las agresiones a personas defensoras.<\/p>\n<p style=\"font-weight: 400; text-align: justify;\">El subsecretario de Informaci\u00f3n y Desarrollo Institucional de la Secretar\u00eda de Seguridad P\u00fablica, Rolando Iv\u00e1n Borde y Garc\u00eda subray\u00f3 la importancia de brindar un\u00a0adecuado reconocimiento y protecci\u00f3n a las personas defensoras de derechos humanos.<\/p>\n<p style=\"font-weight: 400; text-align: justify;\">En el acto de la firma del Acuerdo para el Reconocimiento de las Personas Defensoras de Derechos Humanos de Oaxaca estuvieron como testigos estuvieron en forma virtual los representantes de las Embajadas de Noruega, Fernando Lorenzo Abril; Alemania, Marcus Kloecker, as\u00ed como del Fondo Noruego, Alejandra Jim\u00e9nez Jim\u00e9nez y de International Protection, Enrique Egur\u00e9n.<\/p>\n","protected":false},"author":1,"featured_media":3175,"comment_status":"closed","ping_status":"closed","template":"","tags":[],"categoria_noticias":[],"class_list":["post-15789","noticias","type-noticias","status-publish","has-post-thumbnail","hentry"],"acf":[],"mb":[],"mfb_rest_fields":["title","gutenberg_elementor_mode"],"_links":{"self":[{"href":"https:\/\/portal.fgeo.gob.mx\/index.php\/wp-json\/wp\/v2\/noticias\/15789","targetHints":{"allow":["GET"]}}],"collection":[{"href":"https:\/\/portal.fgeo.gob.mx\/index.php\/wp-json\/wp\/v2\/noticias"}],"about":[{"href":"https:\/\/portal.fgeo.gob.mx\/index.php\/wp-json\/wp\/v2\/types\/noticias"}],"author":[{"embeddable":true,"href":"https:\/\/portal.fgeo.gob.mx\/index.php\/wp-json\/wp\/v2\/users\/1"}],"replies":[{"embeddable":true,"href":"https:\/\/portal.fgeo.gob.mx\/index.php\/wp-json\/wp\/v2\/comments?post=15789"}],"wp:featuredmedia":[{"embeddable":true,"href":"https:\/\/portal.fgeo.gob.mx\/index.php\/wp-json\/"}],"wp:attachment":[{"href":"https:\/\/portal.fgeo.gob.mx\/index.php\/wp-json\/wp\/v2\/media?parent=15789"}],"wp:term":[{"taxonomy":"post_tag","embeddable":true,"href":"https:\/\/portal.fgeo.gob.mx\/index.php\/wp-json\/wp\/v2\/tags?post=15789"},{"taxonomy":"categoria_noticias","embeddable":true,"href":"https:\/\/portal.fgeo.gob.mx\/index.php\/wp-json\/wp\/v2\/categoria_noticias?post=15789"}],"curies":[{"name":"wp","href":"https:\/\/api.w.org\/{rel}","templated":true}]}}