{"id":15787,"date":"2023-08-09T16:14:10","date_gmt":"2023-08-09T22:14:10","guid":{"rendered":"http:\/\/fge.oaxaca.gob.mx\/?post_type=noticias&amp;p=5257"},"modified":"2023-08-09T16:14:10","modified_gmt":"2023-08-09T22:14:10","slug":"obtiene-fiscalia-de-oaxaca-vinculacion-a-proceso-y-prision-preventiva-contra-imputado-por-homicidio-cometido-en-cotzocon","status":"publish","type":"noticias","link":"https:\/\/portal.fgeo.gob.mx\/index.php\/archivos\/noticias\/obtiene-fiscalia-de-oaxaca-vinculacion-a-proceso-y-prision-preventiva-contra-imputado-por-homicidio-cometido-en-cotzocon","title":{"rendered":"Obtiene Fiscal\u00eda de Oaxaca vinculaci\u00f3n a proceso y prisi\u00f3n preventiva contra imputado por Homicidio cometido en Cotzoc\u00f3n"},"content":{"rendered":"<p style=\"font-weight: 400; text-align: justify;\"><strong>Oaxaca de Ju\u00e1rez, Oax., a 9 de agosto de 2023<\/strong>.- \u00a0La Fiscal\u00eda General del Estado de Oaxaca obtuvo vinculaci\u00f3n a proceso y prisi\u00f3n preventiva contra un hombre identificado con las iniciales O.G.V., por el delito de Homicidio Calificado, cometido en agravio de la persona del sexo masculino J.A.C.A., en hechos ocurridos en San Juan Cotzoc\u00f3n.<\/p>\n<p style=\"font-weight: 400; text-align: justify;\">De acuerdo con la causa penal, la v\u00edctima fue privada de la vida el primero de abril de 2023, cuando estaba en las canchas de Nuevo Cerro Mojarra, San Juan Cotzoc\u00f3n, lugar al que lleg\u00f3 el imputado O.G.V., quien orden\u00f3 disparar en contra de la v\u00edctima infligiendo lesiones que le provocaron la muerte.<\/p>\n<p style=\"font-weight: 400; text-align: justify;\">La Fiscal\u00eda General del Estado de Oaxaca tom\u00f3 conocimiento del caso que qued\u00f3 a cargo de la Vicefiscal\u00eda Regional de la Cuenca, misma que realiz\u00f3 la investigaci\u00f3n que permiti\u00f3 obtener una orden de aprehensi\u00f3n en contra de O.G.V., quien fue presentado ante el Juez que conoce la causa, quien dict\u00f3 auto de vinculaci\u00f3n a proceso, adem\u00e1s que impuso un plazo de dos meses para el cierre de la investigaci\u00f3n.<\/p>\n<p style=\"font-weight: 400; text-align: justify;\">El organismo procurador de justicia emplea protocolos de investigaci\u00f3n en los que aplica t\u00e9cnicas cient\u00edficas para brindar certeza jur\u00eddica a las mismas, en beneficio de los procesos, as\u00ed como de las v\u00edctimas directas e indirectas de alg\u00fan delito.<\/p>\n","protected":false},"author":1,"featured_media":3175,"comment_status":"closed","ping_status":"closed","template":"","tags":[],"categoria_noticias":[],"class_list":["post-15787","noticias","type-noticias","status-publish","has-post-thumbnail","hentry"],"acf":[],"mb":[],"mfb_rest_fields":["title","gutenberg_elementor_mode"],"_links":{"self":[{"href":"https:\/\/portal.fgeo.gob.mx\/index.php\/wp-json\/wp\/v2\/noticias\/15787","targetHints":{"allow":["GET"]}}],"collection":[{"href":"https:\/\/portal.fgeo.gob.mx\/index.php\/wp-json\/wp\/v2\/noticias"}],"about":[{"href":"https:\/\/portal.fgeo.gob.mx\/index.php\/wp-json\/wp\/v2\/types\/noticias"}],"author":[{"embeddable":true,"href":"https:\/\/portal.fgeo.gob.mx\/index.php\/wp-json\/wp\/v2\/users\/1"}],"replies":[{"embeddable":true,"href":"https:\/\/portal.fgeo.gob.mx\/index.php\/wp-json\/wp\/v2\/comments?post=15787"}],"wp:featuredmedia":[{"embeddable":true,"href":"https:\/\/portal.fgeo.gob.mx\/index.php\/wp-json\/"}],"wp:attachment":[{"href":"https:\/\/portal.fgeo.gob.mx\/index.php\/wp-json\/wp\/v2\/media?parent=15787"}],"wp:term":[{"taxonomy":"post_tag","embeddable":true,"href":"https:\/\/portal.fgeo.gob.mx\/index.php\/wp-json\/wp\/v2\/tags?post=15787"},{"taxonomy":"categoria_noticias","embeddable":true,"href":"https:\/\/portal.fgeo.gob.mx\/index.php\/wp-json\/wp\/v2\/categoria_noticias?post=15787"}],"curies":[{"name":"wp","href":"https:\/\/api.w.org\/{rel}","templated":true}]}}