{"id":15785,"date":"2023-08-08T16:27:46","date_gmt":"2023-08-08T22:27:46","guid":{"rendered":"http:\/\/fge.oaxaca.gob.mx\/?post_type=noticias&amp;p=5255"},"modified":"2023-08-08T16:27:46","modified_gmt":"2023-08-08T22:27:46","slug":"por-secuestro-agravado-ejecuta-fiscalia-de-oaxaca-orden-de-aprehension","status":"publish","type":"noticias","link":"https:\/\/portal.fgeo.gob.mx\/index.php\/archivos\/noticias\/por-secuestro-agravado-ejecuta-fiscalia-de-oaxaca-orden-de-aprehension","title":{"rendered":"Por Secuestro Agravado, ejecuta Fiscal\u00eda de Oaxaca orden de aprehensi\u00f3n"},"content":{"rendered":"<p style=\"font-weight: 400; text-align: justify;\"><strong>Oaxaca de Ju\u00e1rez, Oax., a 7 de agosto de 2023.-\u00a0<\/strong>La Fiscal\u00eda General del Estado de Oaxaca, a trav\u00e9s de la Agencia Estatal de Investigaciones (AEI), ejecut\u00f3 una orden de aprehensi\u00f3n en contra de una mujer identificada con las iniciales M.L.A por el delito de Secuestro Agravado cometido en agravio de F.Z.S.<\/p>\n<p style=\"font-weight: 400; text-align: justify;\">De acuerdo con la causa penal, los hechos ocurrieron el pasado 18 de octubre de 2015, cuando la v\u00edctima fue secuestrada en Mat\u00edas Romero, Oaxaca, tras lo cual la familia recibi\u00f3 llamadas para solicitar dinero a cambio de la libertad de F.Z.S.<\/p>\n<p style=\"font-weight: 400; text-align: justify;\">Ante ello, elementos de la AEI implementaron un operativo el 22 de octubre de 2015, en el que se logr\u00f3 la detenci\u00f3n de tres personas y una m\u00e1s result\u00f3 lesionada, quien posteriormente perdi\u00f3 la vida; derivado del cual la v\u00edctima fue liberada.<\/p>\n<p style=\"font-weight: 400; text-align: justify;\">Tras llevar a cabo recursos jur\u00eddicos por parte de la Fiscal\u00eda de Oaxaca para contrarrestar la sentencia absolutoria dictada en 2017 por el Juez que conoci\u00f3 del caso; con fecha 26 de agosto del 2021, el Primer Tribunal Colegiado en Materias Penal y de Trabajo del d\u00e9cimo tercer Circuito, resolvi\u00f3 que la justicia de la uni\u00f3n ampara y protege a la v\u00edctima y, por ende, orden\u00f3 a la Sala del Tribunal Superior del Estado de Oaxaca dictar nueva resoluci\u00f3n.<\/p>\n<p style=\"font-weight: 400; text-align: justify;\">Ante ello, elementos de la AEI ejecutaron este 7 de agosto una orden de aprehensi\u00f3n por el delito de Secuestro Agravado contra M.L.A, quien ser\u00e1 puesta a disposici\u00f3n del Ministerio P\u00fablico.<\/p>\n<p style=\"font-weight: 400; text-align: justify;\">La Fiscal\u00eda de Oaxaca refrenda su compromiso de procurar justicia y hacer uso del marco jur\u00eddico para apelar las determinaciones del Poder Judicial, que considera incumplen con los derechos de las v\u00edctimas directas e indirectas de delitos.<\/p>\n","protected":false},"author":1,"featured_media":3175,"comment_status":"closed","ping_status":"closed","template":"","tags":[],"categoria_noticias":[],"class_list":["post-15785","noticias","type-noticias","status-publish","has-post-thumbnail","hentry"],"acf":[],"mb":[],"mfb_rest_fields":["title","gutenberg_elementor_mode"],"_links":{"self":[{"href":"https:\/\/portal.fgeo.gob.mx\/index.php\/wp-json\/wp\/v2\/noticias\/15785","targetHints":{"allow":["GET"]}}],"collection":[{"href":"https:\/\/portal.fgeo.gob.mx\/index.php\/wp-json\/wp\/v2\/noticias"}],"about":[{"href":"https:\/\/portal.fgeo.gob.mx\/index.php\/wp-json\/wp\/v2\/types\/noticias"}],"author":[{"embeddable":true,"href":"https:\/\/portal.fgeo.gob.mx\/index.php\/wp-json\/wp\/v2\/users\/1"}],"replies":[{"embeddable":true,"href":"https:\/\/portal.fgeo.gob.mx\/index.php\/wp-json\/wp\/v2\/comments?post=15785"}],"wp:featuredmedia":[{"embeddable":true,"href":"https:\/\/portal.fgeo.gob.mx\/index.php\/wp-json\/"}],"wp:attachment":[{"href":"https:\/\/portal.fgeo.gob.mx\/index.php\/wp-json\/wp\/v2\/media?parent=15785"}],"wp:term":[{"taxonomy":"post_tag","embeddable":true,"href":"https:\/\/portal.fgeo.gob.mx\/index.php\/wp-json\/wp\/v2\/tags?post=15785"},{"taxonomy":"categoria_noticias","embeddable":true,"href":"https:\/\/portal.fgeo.gob.mx\/index.php\/wp-json\/wp\/v2\/categoria_noticias?post=15785"}],"curies":[{"name":"wp","href":"https:\/\/api.w.org\/{rel}","templated":true}]}}