{"id":15784,"date":"2023-08-07T13:50:33","date_gmt":"2023-08-07T19:50:33","guid":{"rendered":"http:\/\/fge.oaxaca.gob.mx\/?post_type=noticias&amp;p=5254"},"modified":"2023-08-07T13:50:33","modified_gmt":"2023-08-07T19:50:33","slug":"vinculan-a-proceso-a-dos-imputados-por-delito-contra-la-salud-en-la-costa","status":"publish","type":"noticias","link":"https:\/\/portal.fgeo.gob.mx\/index.php\/archivos\/noticias\/vinculan-a-proceso-a-dos-imputados-por-delito-contra-la-salud-en-la-costa","title":{"rendered":"Vinculan a proceso a dos imputados por delito Contra la Salud, en la Costa"},"content":{"rendered":"<p style=\"font-weight: 400; text-align: justify;\"><strong>Oaxaca de Ju\u00e1rez, Oax., a 7 de agosto de 2023<\/strong>.- \u00a0La Fiscal\u00eda General del Estado de Oaxaca obtuvo vinculaci\u00f3n a proceso contra dos personas del sexo masculino identificadas como C.P.L. y M.A.V.M.\u00a0 por el delito Contra la Salud en su modalidad de posesi\u00f3n simple de metanfetamina, cometido en la regi\u00f3n de la Costa.<\/p>\n<p style=\"font-weight: 400; text-align: justify;\">De acuerdo con el expediente del caso, el pasado 25 de julio, elementos de la polic\u00eda municipal de Santiago Pinotepa Nacional realizaban labores de patrullaje cuando observaron un taxi de la zona con personas a bordo, a quienes les solicitaron realizar una revisi\u00f3n de rutina.<\/p>\n<p style=\"font-weight: 400; text-align: justify;\">Al realizar la inspecci\u00f3n, los elementos de la polic\u00eda localizaron al interior del veh\u00edculo en la parte trasera un frasco de pl\u00e1stico color blanco transparente que conten\u00eda en su interior una sustancia granulada cristalina similar al cristal, por lo que los ocupantes del veh\u00edculo fueron detenidos.<\/p>\n<p style=\"font-weight: 400; text-align: justify;\">La FGEO por estos hechos inici\u00f3 la investigaci\u00f3n correspondiente a trav\u00e9s de la Vicefiscal\u00eda Regional de la Costa, que llev\u00f3 a los imputados ante el Juez, quien dict\u00f3 la vinculaci\u00f3n a proceso por el delito Contra la Salud en su modalidad de posesi\u00f3n simple de metanfetamina, adem\u00e1s de otorgar un plazo de tres meses para el cierre de la investigaci\u00f3n.<\/p>\n<p style=\"font-weight: 400; text-align: justify;\">La Fiscal\u00eda General del Estado de Oaxaca tiene como acciones prioritarias el combate a los delitos Contra la Salud, por los efectos negativos que tiene su incidencia en el tejido social.<\/p>\n","protected":false},"author":1,"featured_media":3175,"comment_status":"closed","ping_status":"closed","template":"","tags":[],"categoria_noticias":[],"class_list":["post-15784","noticias","type-noticias","status-publish","has-post-thumbnail","hentry"],"acf":[],"mb":[],"mfb_rest_fields":["title","gutenberg_elementor_mode"],"_links":{"self":[{"href":"https:\/\/portal.fgeo.gob.mx\/index.php\/wp-json\/wp\/v2\/noticias\/15784","targetHints":{"allow":["GET"]}}],"collection":[{"href":"https:\/\/portal.fgeo.gob.mx\/index.php\/wp-json\/wp\/v2\/noticias"}],"about":[{"href":"https:\/\/portal.fgeo.gob.mx\/index.php\/wp-json\/wp\/v2\/types\/noticias"}],"author":[{"embeddable":true,"href":"https:\/\/portal.fgeo.gob.mx\/index.php\/wp-json\/wp\/v2\/users\/1"}],"replies":[{"embeddable":true,"href":"https:\/\/portal.fgeo.gob.mx\/index.php\/wp-json\/wp\/v2\/comments?post=15784"}],"wp:featuredmedia":[{"embeddable":true,"href":"https:\/\/portal.fgeo.gob.mx\/index.php\/wp-json\/"}],"wp:attachment":[{"href":"https:\/\/portal.fgeo.gob.mx\/index.php\/wp-json\/wp\/v2\/media?parent=15784"}],"wp:term":[{"taxonomy":"post_tag","embeddable":true,"href":"https:\/\/portal.fgeo.gob.mx\/index.php\/wp-json\/wp\/v2\/tags?post=15784"},{"taxonomy":"categoria_noticias","embeddable":true,"href":"https:\/\/portal.fgeo.gob.mx\/index.php\/wp-json\/wp\/v2\/categoria_noticias?post=15784"}],"curies":[{"name":"wp","href":"https:\/\/api.w.org\/{rel}","templated":true}]}}