{"id":15783,"date":"2023-08-07T13:56:49","date_gmt":"2023-08-07T19:56:49","guid":{"rendered":"http:\/\/fge.oaxaca.gob.mx\/?post_type=noticias&amp;p=5253"},"modified":"2023-08-07T13:56:49","modified_gmt":"2023-08-07T19:56:49","slug":"queda-vinculado-a-proceso-y-en-prision-preventiva-imputado-por-homicidio-cometido-en-la-sierra-sur","status":"publish","type":"noticias","link":"https:\/\/portal.fgeo.gob.mx\/index.php\/archivos\/noticias\/queda-vinculado-a-proceso-y-en-prision-preventiva-imputado-por-homicidio-cometido-en-la-sierra-sur","title":{"rendered":"Queda vinculado a proceso y en prisi\u00f3n preventiva, imputado por homicidio cometido en la Sierra Sur"},"content":{"rendered":"<p style=\"font-weight: 400; text-align: justify;\"><strong>Oaxaca de Ju\u00e1rez, Oax., a 7 de agosto de 2023<\/strong>.- La Fiscal\u00eda General del Estado de Oaxaca (FGEO) obtuvo la vinculaci\u00f3n a proceso contra una persona del sexo masculino identificada como G.P.R., por el delito de Homicidio Calificado con Ventaja, cometido en agravio de M.C.B., en hechos ocurridos en Santiago Amoltepec, regi\u00f3n de la Sierra Sur.<\/p>\n<p style=\"font-weight: 400; text-align: justify;\">De acuerdo con el expediente penal, el 21 de julio de 2022, la v\u00edctima M.C.B. se encontraba en su domicilio ubicado en Llano Grande, Santiago Amoltepec, cuando lleg\u00f3 el imputado G.P.R., quien le habr\u00eda disparado caus\u00e1ndole lesiones que terminaron con su vida.<\/p>\n<p style=\"font-weight: 400; text-align: justify;\">Ante ello, la Fiscal\u00eda General del Estado tom\u00f3 conocimiento del caso y las investigaciones quedaron a cargo de la Vicefiscal\u00eda General de Control Regional, misma que despleg\u00f3 un equipo multidisciplinario para efectuar las diligencias correspondientes.<\/p>\n<p style=\"font-weight: 400; text-align: justify;\">Derivado de los resultados de las investigaciones, se obtuvo la orden de aprehensi\u00f3n que permiti\u00f3 la detenci\u00f3n de G.P.R., quien qued\u00f3 a disposici\u00f3n del Juez que Control que conoce la causa, dict\u00e1ndole vinculaci\u00f3n a proceso por el delito de Homicidio Calificado con Ventaja, adem\u00e1s de que impuso prisi\u00f3n preventiva contra el imputado y otorg\u00f3 cuatro meses para el cierre de la investigaci\u00f3n.<\/p>\n<p style=\"font-weight: 400; text-align: justify;\">La Fiscal\u00eda de Oaxaca para la investigaci\u00f3n de delitos de alto impacto realiza las indagatorias bajo estrictos procesos cient\u00edficos que permitan brindar certeza sobre los hechos y garantizar a las v\u00edctimas el pleno acceso a la procuraci\u00f3n de justicia.<\/p>\n","protected":false},"author":1,"featured_media":3175,"comment_status":"closed","ping_status":"closed","template":"","tags":[],"categoria_noticias":[],"class_list":["post-15783","noticias","type-noticias","status-publish","has-post-thumbnail","hentry"],"acf":[],"mb":[],"mfb_rest_fields":["title","gutenberg_elementor_mode"],"_links":{"self":[{"href":"https:\/\/portal.fgeo.gob.mx\/index.php\/wp-json\/wp\/v2\/noticias\/15783","targetHints":{"allow":["GET"]}}],"collection":[{"href":"https:\/\/portal.fgeo.gob.mx\/index.php\/wp-json\/wp\/v2\/noticias"}],"about":[{"href":"https:\/\/portal.fgeo.gob.mx\/index.php\/wp-json\/wp\/v2\/types\/noticias"}],"author":[{"embeddable":true,"href":"https:\/\/portal.fgeo.gob.mx\/index.php\/wp-json\/wp\/v2\/users\/1"}],"replies":[{"embeddable":true,"href":"https:\/\/portal.fgeo.gob.mx\/index.php\/wp-json\/wp\/v2\/comments?post=15783"}],"wp:featuredmedia":[{"embeddable":true,"href":"https:\/\/portal.fgeo.gob.mx\/index.php\/wp-json\/"}],"wp:attachment":[{"href":"https:\/\/portal.fgeo.gob.mx\/index.php\/wp-json\/wp\/v2\/media?parent=15783"}],"wp:term":[{"taxonomy":"post_tag","embeddable":true,"href":"https:\/\/portal.fgeo.gob.mx\/index.php\/wp-json\/wp\/v2\/tags?post=15783"},{"taxonomy":"categoria_noticias","embeddable":true,"href":"https:\/\/portal.fgeo.gob.mx\/index.php\/wp-json\/wp\/v2\/categoria_noticias?post=15783"}],"curies":[{"name":"wp","href":"https:\/\/api.w.org\/{rel}","templated":true}]}}