{"id":15781,"date":"2023-08-04T17:05:46","date_gmt":"2023-08-04T23:05:46","guid":{"rendered":"http:\/\/fge.oaxaca.gob.mx\/?post_type=noticias&amp;p=5251"},"modified":"2023-08-04T17:05:46","modified_gmt":"2023-08-04T23:05:46","slug":"refrenda-fiscalia-de-oaxaca-cero-tolerancia-a-delitos-cometidos-contra-ninas-ninos-y-adolescentes","status":"publish","type":"noticias","link":"https:\/\/portal.fgeo.gob.mx\/index.php\/archivos\/noticias\/refrenda-fiscalia-de-oaxaca-cero-tolerancia-a-delitos-cometidos-contra-ninas-ninos-y-adolescentes","title":{"rendered":"Refrenda Fiscal\u00eda de Oaxaca cero tolerancia a delitos cometidos contra ni\u00f1as, ni\u00f1os y adolescentes"},"content":{"rendered":"<p style=\"font-weight: 400; text-align: justify;\"><strong>Oaxaca de Ju\u00e1rez, Oax., a 4 de agosto de 2023.-\u00a0\u00a0<\/strong>Como parte de las acciones de cero tolerancia a delitos cometidos contra ni\u00f1as, ni\u00f1os y adolescentes, la Fiscal\u00eda General del Estado de Oaxaca (FGEO), obtuvo vinculaci\u00f3n a proceso y prisi\u00f3n preventiva por Pederastia, cometido en Xoxocotl\u00e1n contra una ni\u00f1a; as\u00ed como vinculaci\u00f3n a proceso por Violaci\u00f3n Equiparada y Violaci\u00f3n, en agravio de un adolescente acontecido en Puerto Escondido.<\/p>\n<p style=\"font-weight: 400; text-align: justify;\">Respecto a los hechos que configuraron el delito de Pederastia, \u00e9stos ocurrieron el 13 de marzo de 2022 en la Agencia de Esquipulas, perteneciente a Santa Cruz Xoxocotl\u00e1n, donde J.C.I.G.M habr\u00eda incurrido en la agresi\u00f3n sexual en perjuicio de una ni\u00f1a de tres a\u00f1os de edad, de quien se reserva su identidad.<\/p>\n<p style=\"font-weight: 400; text-align: justify;\">Tras recibir la denuncia penal correspondiente, la Fiscal\u00eda Especializada para la Atenci\u00f3n a Delitos contra la Mujer por Raz\u00f3n de G\u00e9nero inici\u00f3 las investigaciones y peritajes, que permitieron obtener del Juez la orden de aprehensi\u00f3n, vinculaci\u00f3n a proceso, as\u00ed como prisi\u00f3n preventiva contra el imputado.<\/p>\n<p style=\"font-weight: 400; text-align: justify;\">En el caso de Violaci\u00f3n Equiparada y Violaci\u00f3n en agravio de un ni\u00f1o, ocurrido en la regi\u00f3n de la Costa, la Fiscal\u00eda obtuvo del Juez la vinculaci\u00f3n a proceso contra H.H.P., pues, de acuerdo con lo asentado en la causa penal, el delito ocurri\u00f3 en diferentes fechas de los meses de julio de 2020, as\u00ed como enero y marzo de 2021, cuando la v\u00edctima ten\u00eda 12 a\u00f1os de edad.<\/p>\n<p style=\"font-weight: 400; text-align: justify;\">El adolescente sufri\u00f3 las agresiones sexuales en un domicilio particular localizado en Puerto Escondido, perteneciente al municipio de San Pedro Mixtepec.<\/p>\n<p style=\"font-weight: 400; text-align: justify;\">Al tener conocimiento de los hechos, la familia de la v\u00edctima acudi\u00f3 ante la Vicefiscal\u00eda Regional de la Costa para denunciar, por lo que se iniciaron las investigaciones correspondientes que permitieron la ejecuci\u00f3n de una orden de aprehensi\u00f3n, as\u00ed como la vinculaci\u00f3n a proceso del imputado.<\/p>\n<p style=\"font-weight: 400; text-align: justify;\">Las acciones de procuraci\u00f3n de justicia en delitos que afectan sexualmente a ni\u00f1as, ni\u00f1os y adolescentes son prioridad para la Fiscal\u00eda de Oaxaca que, adem\u00e1s del acompa\u00f1amiento legal a la v\u00edctima, ofrece atenci\u00f3n integral en el proceso de procuraci\u00f3n de justicia.<\/p>\n","protected":false},"author":1,"featured_media":3175,"comment_status":"closed","ping_status":"closed","template":"","tags":[],"categoria_noticias":[],"class_list":["post-15781","noticias","type-noticias","status-publish","has-post-thumbnail","hentry"],"acf":[],"mb":[],"mfb_rest_fields":["title","gutenberg_elementor_mode"],"_links":{"self":[{"href":"https:\/\/portal.fgeo.gob.mx\/index.php\/wp-json\/wp\/v2\/noticias\/15781","targetHints":{"allow":["GET"]}}],"collection":[{"href":"https:\/\/portal.fgeo.gob.mx\/index.php\/wp-json\/wp\/v2\/noticias"}],"about":[{"href":"https:\/\/portal.fgeo.gob.mx\/index.php\/wp-json\/wp\/v2\/types\/noticias"}],"author":[{"embeddable":true,"href":"https:\/\/portal.fgeo.gob.mx\/index.php\/wp-json\/wp\/v2\/users\/1"}],"replies":[{"embeddable":true,"href":"https:\/\/portal.fgeo.gob.mx\/index.php\/wp-json\/wp\/v2\/comments?post=15781"}],"wp:featuredmedia":[{"embeddable":true,"href":"https:\/\/portal.fgeo.gob.mx\/index.php\/wp-json\/"}],"wp:attachment":[{"href":"https:\/\/portal.fgeo.gob.mx\/index.php\/wp-json\/wp\/v2\/media?parent=15781"}],"wp:term":[{"taxonomy":"post_tag","embeddable":true,"href":"https:\/\/portal.fgeo.gob.mx\/index.php\/wp-json\/wp\/v2\/tags?post=15781"},{"taxonomy":"categoria_noticias","embeddable":true,"href":"https:\/\/portal.fgeo.gob.mx\/index.php\/wp-json\/wp\/v2\/categoria_noticias?post=15781"}],"curies":[{"name":"wp","href":"https:\/\/api.w.org\/{rel}","templated":true}]}}