{"id":15780,"date":"2023-08-04T16:54:47","date_gmt":"2023-08-04T22:54:47","guid":{"rendered":"http:\/\/fge.oaxaca.gob.mx\/?post_type=noticias&amp;p=5234"},"modified":"2023-08-04T16:54:47","modified_gmt":"2023-08-04T22:54:47","slug":"fiscalia-de-oaxaca-obtiene-sentencia-de-30-anos-de-prision-contra-cada-uno-de-los-cinco-responsables-de-homicidio-cometido-en-la-costa","status":"publish","type":"noticias","link":"https:\/\/portal.fgeo.gob.mx\/index.php\/archivos\/noticias\/fiscalia-de-oaxaca-obtiene-sentencia-de-30-anos-de-prision-contra-cada-uno-de-los-cinco-responsables-de-homicidio-cometido-en-la-costa","title":{"rendered":"Fiscal\u00eda de Oaxaca obtiene sentencia de 30 a\u00f1os de prisi\u00f3n, contra cada uno de los cinco responsables de homicidio cometido en la Costa"},"content":{"rendered":"<p style=\"font-weight: 400; text-align: justify;\"><strong>Oaxaca de Ju\u00e1rez, Oax., a 4 de agosto de 2023.-\u00a0<\/strong>La Fiscal\u00eda General del Estado de Oaxaca (FGEO) obtuvo una sentencia condenatoria de 30 a\u00f1os de prisi\u00f3n contra E.M.B., T.R.R., G.G.G., I.M.J. y B.R.R., responsables del delito de Homicidio Calificado en agravio de R.D.J., cometido en la regi\u00f3n de la Costa.<\/p>\n<p style=\"font-weight: 400; text-align: justify;\">De acuerdo con el expediente penal del caso, los hechos ocurrieron el 2 de noviembre de 2020, en la carretera que conduce a Santa Martha Loxicha, perteneciente al municipio de San Baltazar Loxicha.<\/p>\n<p style=\"font-weight: 400; text-align: justify;\">En el lugar, los imputados dispararon contra de la v\u00edctima, quien result\u00f3 lesionado por la agresi\u00f3n y posteriormente perdi\u00f3 la vida, por lo que elementos de la Agencia Estatal de Investigaciones realizaron el levantamiento del cuerpo.<\/p>\n<p style=\"font-weight: 400; text-align: justify;\">Al tener conocimiento del caso, la Fiscal\u00eda inici\u00f3 las investigaciones correspondientes a trav\u00e9s de la Vicefiscal\u00eda Regional de la Costa, que obtuvo las \u00f3rdenes de aprehensi\u00f3n correspondientes, mandato judicial al que se dio cumplimiento con la detenci\u00f3n de los cinco imputados.<\/p>\n<p style=\"font-weight: 400; text-align: justify;\">La FGEO present\u00f3 las pruebas que permitieron demostrar la responsabilidad de los detenidos, a partir de lo cual, el Juez evalu\u00f3 y dict\u00f3 sentencia condenatoria de 30 a\u00f1os de prisi\u00f3n para cada uno de los responsables: E.M.B., T.R.R., G.G.G., I.M.J. y B.R.R., autores en la comisi\u00f3n del delito de homicidio calificado con ventaja, por lo que, adem\u00e1s, impuso el pago de la reparaci\u00f3n del da\u00f1o por m\u00e1s de 430 mil pesos.<\/p>\n<p style=\"font-weight: 400; text-align: justify;\">La Fiscal\u00eda de Oaxaca traduce en resultados las acciones de investigaci\u00f3n efectuadas por las diferentes \u00e1reas de este organismo aut\u00f3nomo, como parte de las labores para garantizar que las v\u00edctimas tengan pleno acceso a la justicia.<\/p>\n","protected":false},"author":1,"featured_media":3175,"comment_status":"closed","ping_status":"closed","template":"","tags":[],"categoria_noticias":[],"class_list":["post-15780","noticias","type-noticias","status-publish","has-post-thumbnail","hentry"],"acf":[],"mb":[],"mfb_rest_fields":["title","gutenberg_elementor_mode"],"_links":{"self":[{"href":"https:\/\/portal.fgeo.gob.mx\/index.php\/wp-json\/wp\/v2\/noticias\/15780","targetHints":{"allow":["GET"]}}],"collection":[{"href":"https:\/\/portal.fgeo.gob.mx\/index.php\/wp-json\/wp\/v2\/noticias"}],"about":[{"href":"https:\/\/portal.fgeo.gob.mx\/index.php\/wp-json\/wp\/v2\/types\/noticias"}],"author":[{"embeddable":true,"href":"https:\/\/portal.fgeo.gob.mx\/index.php\/wp-json\/wp\/v2\/users\/1"}],"replies":[{"embeddable":true,"href":"https:\/\/portal.fgeo.gob.mx\/index.php\/wp-json\/wp\/v2\/comments?post=15780"}],"wp:featuredmedia":[{"embeddable":true,"href":"https:\/\/portal.fgeo.gob.mx\/index.php\/wp-json\/"}],"wp:attachment":[{"href":"https:\/\/portal.fgeo.gob.mx\/index.php\/wp-json\/wp\/v2\/media?parent=15780"}],"wp:term":[{"taxonomy":"post_tag","embeddable":true,"href":"https:\/\/portal.fgeo.gob.mx\/index.php\/wp-json\/wp\/v2\/tags?post=15780"},{"taxonomy":"categoria_noticias","embeddable":true,"href":"https:\/\/portal.fgeo.gob.mx\/index.php\/wp-json\/wp\/v2\/categoria_noticias?post=15780"}],"curies":[{"name":"wp","href":"https:\/\/api.w.org\/{rel}","templated":true}]}}