{"id":15779,"date":"2023-08-03T15:37:23","date_gmt":"2023-08-03T21:37:23","guid":{"rendered":"http:\/\/fge.oaxaca.gob.mx\/?post_type=noticias&amp;p=5229"},"modified":"2023-08-03T15:37:23","modified_gmt":"2023-08-03T21:37:23","slug":"firman-convenio-de-colaboracion-fgeo-y-ceamo","status":"publish","type":"noticias","link":"https:\/\/portal.fgeo.gob.mx\/index.php\/archivos\/noticias\/firman-convenio-de-colaboracion-fgeo-y-ceamo","title":{"rendered":"Firman convenio de colaboraci\u00f3n FGEO y CEAMO"},"content":{"rendered":"<p style=\"font-weight: 400; text-align: justify;\"><strong>Reyes Mante\u00f3n, San Bartolo Coyotepec, Oax., a 3 de agosto de 2023<\/strong>.- Al firmar un convenio de colaboraci\u00f3n con la Comisi\u00f3n Estatal de Arbitraje M\u00e9dico de Oaxaca (CEAMO), el Fiscal General del Estado de Oaxaca, Bernardo Rodr\u00edguez Alamilla dijo que este acuerdo forma parte de la estrategia de fortalecimiento del organismo procurador de justicia.<\/p>\n<p style=\"font-weight: 400; text-align: justify;\">Durante el acto protocolario realizado en el Instituto de Formaci\u00f3n y Capacitaci\u00f3n de la FGEO, resalt\u00f3 que la cooperaci\u00f3n interinstitucional permite compartir conocimientos y t\u00e9cnicas que coadyuvan al mejoramiento de los procesos de procuraci\u00f3n de justicia.<\/p>\n<p style=\"font-weight: 400; text-align: justify;\">Acompa\u00f1ado por el presidente de la CEAMO Alberto V\u00e1squez San Germ\u00e1n, las consejeras de la Comisi\u00f3n Maritza Jenny Hern\u00e1ndez Cuevas y Alma Miguel Ruiz, la directora de Difusi\u00f3n e Investigaci\u00f3n Aleida Serrano Rosado y el subcomisionado Jur\u00eddico \u00d3scar No\u00e9 Mart\u00ednez Morales; el Fiscal General, Bernardo Rodr\u00edguez indic\u00f3 que los conocimientos t\u00e9cnicos de quienes integran la CEAMO son de gran relevancia para la Fiscal\u00eda General del Estado.<\/p>\n<p style=\"font-weight: 400; text-align: justify;\">Asimismo, resalt\u00f3 que desde la actual administraci\u00f3n se est\u00e1n buscando soluciones alternativas que permitan brindar un mejor acceso a la procuraci\u00f3n de justicia de las personas y de esta forma lograr mejorar los tiempos de atenci\u00f3n, as\u00ed como aumentar la eficacia de las actuaciones.<\/p>\n<p style=\"font-weight: 400; text-align: justify;\">Por su parte, el presidente la Comisi\u00f3n Estatal de Arbitraje M\u00e9dico, Alberto V\u00e1squez San Germ\u00e1n agradeci\u00f3 la apertura de la Fiscal\u00eda General del Estado para realizar la firma del convenio, el cual tiene tambi\u00e9n el objetivo de coadyuvar al fortalecimiento de los procesos de procuraci\u00f3n de justicia por medio del conocimiento especializado de quienes integran la CEAMO.<\/p>\n<p style=\"font-weight: 400; text-align: justify;\">Por su parte, la consejera Maritza Jenny Hern\u00e1ndez Cuevas dijo que este convenio puede beneficiar ampliamente a las y los usuarios, adem\u00e1s que el objetivo de la Comisi\u00f3n es buscar mecanismos que permitan dar soluciones m\u00e1s eficientes a conflictos relacionados con la praxis m\u00e9dica.<\/p>\n","protected":false},"author":1,"featured_media":3175,"comment_status":"closed","ping_status":"closed","template":"","tags":[],"categoria_noticias":[],"class_list":["post-15779","noticias","type-noticias","status-publish","has-post-thumbnail","hentry"],"acf":[],"mb":[],"mfb_rest_fields":["title","gutenberg_elementor_mode"],"_links":{"self":[{"href":"https:\/\/portal.fgeo.gob.mx\/index.php\/wp-json\/wp\/v2\/noticias\/15779","targetHints":{"allow":["GET"]}}],"collection":[{"href":"https:\/\/portal.fgeo.gob.mx\/index.php\/wp-json\/wp\/v2\/noticias"}],"about":[{"href":"https:\/\/portal.fgeo.gob.mx\/index.php\/wp-json\/wp\/v2\/types\/noticias"}],"author":[{"embeddable":true,"href":"https:\/\/portal.fgeo.gob.mx\/index.php\/wp-json\/wp\/v2\/users\/1"}],"replies":[{"embeddable":true,"href":"https:\/\/portal.fgeo.gob.mx\/index.php\/wp-json\/wp\/v2\/comments?post=15779"}],"wp:featuredmedia":[{"embeddable":true,"href":"https:\/\/portal.fgeo.gob.mx\/index.php\/wp-json\/"}],"wp:attachment":[{"href":"https:\/\/portal.fgeo.gob.mx\/index.php\/wp-json\/wp\/v2\/media?parent=15779"}],"wp:term":[{"taxonomy":"post_tag","embeddable":true,"href":"https:\/\/portal.fgeo.gob.mx\/index.php\/wp-json\/wp\/v2\/tags?post=15779"},{"taxonomy":"categoria_noticias","embeddable":true,"href":"https:\/\/portal.fgeo.gob.mx\/index.php\/wp-json\/wp\/v2\/categoria_noticias?post=15779"}],"curies":[{"name":"wp","href":"https:\/\/api.w.org\/{rel}","templated":true}]}}