{"id":15778,"date":"2023-08-02T18:32:13","date_gmt":"2023-08-03T00:32:13","guid":{"rendered":"http:\/\/fge.oaxaca.gob.mx\/?post_type=noticias&amp;p=5224"},"modified":"2023-08-02T18:32:13","modified_gmt":"2023-08-03T00:32:13","slug":"fortalece-fiscalia-de-oaxaca-perspectiva-en-materia-de-derechos-humanos-rodriguez-alamilla","status":"publish","type":"noticias","link":"https:\/\/portal.fgeo.gob.mx\/index.php\/archivos\/noticias\/fortalece-fiscalia-de-oaxaca-perspectiva-en-materia-de-derechos-humanos-rodriguez-alamilla","title":{"rendered":"Fortalece Fiscal\u00eda de Oaxaca perspectiva en materia de Derechos Humanos: Rodr\u00edguez Alamilla"},"content":{"rendered":"<p style=\"font-weight: 400; text-align: justify;\"><strong>Oaxaca de Ju\u00e1rez, Oax., a 2 de agosto de 2023<\/strong>.-\u00a0 Al reunirse con integrantes de la \u201cPlataforma de Derechos Humanos\u201d que convoca a 16 organizaciones de la sociedad civil en la materia, el Fiscal General del Estado de Oaxaca, Bernardo Rodr\u00edguez Alamilla afirm\u00f3 que como parte del proceso de reingenier\u00eda institucional, se ha iniciado en la FGEO un proceso de fortalecimiento en materia de derechos humanos para procurar justicia, colocando a las v\u00edctimas al centro de la toma de decisiones.<\/p>\n<p style=\"font-weight: 400; text-align: justify;\">En el marco de la presentaci\u00f3n de la \u201cAgenda de Derechos Humanos 2023\u201d, el Fiscal General sostuvo un encuentro con las y los representes del Comit\u00e9 de Defensa Integral de Derechos Humanos Gobixha (C\u00f3digo DH), Sara M\u00e9ndez Morales; Centro Regional de Derechos Humanos \u201cBartolom\u00e9 Carrasco Brise\u00f1o\u201d (Barca), Nora Mart\u00ednez L\u00e1zaro; Servicios para una Educaci\u00f3n Alternativa A.C. (Educa), Marcos Leyva Madrid; Oaxatrans, Aref Santos Barrita; Lunas del Sur, Y\u00e9sica D\u00edaz; Flor \u00a0y Canto, X\u00f3chitl Hern\u00e1ndez y Servicios del Pueblo Mixe (Ser Mixe), Jos\u00e9 Pablo Antonio.<\/p>\n<p style=\"font-weight: 400; text-align: justify;\">En este marco, Rodr\u00edguez Alamilla asegur\u00f3 que esta administraci\u00f3n busca ampliar la mirada de los procesos de investigaci\u00f3n del fen\u00f3meno delictivo para transitar a una atenci\u00f3n integral, por lo que, dijo, se impulsan acciones de capacitaci\u00f3n desde un enfoque de derechos humanos.<\/p>\n<p style=\"font-weight: 400; text-align: justify;\">Y a\u00f1adi\u00f3 que este di\u00e1logo con la sociedad civil que impulsan la Agenda de Derechos Humanos es una oportunidad para atender los pendientes que existen en la Fiscal\u00eda General del Estado en materia de garant\u00eda y respeto a los derechos humanos.<\/p>\n<p style=\"font-weight: 400; text-align: justify;\">Al intervenir, la coordinadora de C\u00f3digo DH Sara M\u00e9ndez Morales reconoci\u00f3 la apertura al di\u00e1logo por parte del Fiscal General para conocer el documento, y resalt\u00f3 la necesidad de impulsar acciones que permitan incorporar la perspectiva de derechos humanos en los procesos de atenci\u00f3n, especialmente en los delitos cometidos contra personas defensoras de derechos humanos.<\/p>\n<p style=\"font-weight: 400; text-align: justify;\">Mientras que, el director de Servicios para una Educaci\u00f3n Alternativa Marcos Leyva Madrid expuso la necesidad de incorporar transversalmente la perspectiva de derechos humanos en los procesos de procuraci\u00f3n de justicia, y agreg\u00f3 que esta visi\u00f3n es especialmente necesaria cuando se atienden casos de personas defensoras de derechos humanos.<\/p>\n<p style=\"font-weight: 400; text-align: justify;\">Por su parte, la coordinadora general del Centro Regional de Derechos Humanos \u201cBartolom\u00e9 Carrasco Brise\u00f1o, Nora Minerva Mart\u00ednez L\u00e1zaro manifest\u00f3 que, mientras constru\u00edan la Agenda de Derechos Humanos se identific\u00f3 un reclamo social constante respecto a la necesidad de avance en los procesos de investigaci\u00f3n, pues para inhibirlos se requiere romper con la impunidad.<\/p>\n<p style=\"font-weight: 400; text-align: justify;\">La \u201cAgenda de Derechos Humanos 2023\u201d es una plataforma en la que se analizan las problem\u00e1ticas que enfrentan en materia de derechos humanos sectores de la poblaci\u00f3n como lo son mujeres, ni\u00f1as, ni\u00f1os y adolescentes, integrantes de la diversidad social, pueblos ind\u00edgenas y afrodescendientes, migrantes y personas con discapacidad.<\/p>\n","protected":false},"author":1,"featured_media":3175,"comment_status":"closed","ping_status":"closed","template":"","tags":[],"categoria_noticias":[],"class_list":["post-15778","noticias","type-noticias","status-publish","has-post-thumbnail","hentry"],"acf":[],"mb":[],"mfb_rest_fields":["title","gutenberg_elementor_mode"],"_links":{"self":[{"href":"https:\/\/portal.fgeo.gob.mx\/index.php\/wp-json\/wp\/v2\/noticias\/15778","targetHints":{"allow":["GET"]}}],"collection":[{"href":"https:\/\/portal.fgeo.gob.mx\/index.php\/wp-json\/wp\/v2\/noticias"}],"about":[{"href":"https:\/\/portal.fgeo.gob.mx\/index.php\/wp-json\/wp\/v2\/types\/noticias"}],"author":[{"embeddable":true,"href":"https:\/\/portal.fgeo.gob.mx\/index.php\/wp-json\/wp\/v2\/users\/1"}],"replies":[{"embeddable":true,"href":"https:\/\/portal.fgeo.gob.mx\/index.php\/wp-json\/wp\/v2\/comments?post=15778"}],"wp:featuredmedia":[{"embeddable":true,"href":"https:\/\/portal.fgeo.gob.mx\/index.php\/wp-json\/"}],"wp:attachment":[{"href":"https:\/\/portal.fgeo.gob.mx\/index.php\/wp-json\/wp\/v2\/media?parent=15778"}],"wp:term":[{"taxonomy":"post_tag","embeddable":true,"href":"https:\/\/portal.fgeo.gob.mx\/index.php\/wp-json\/wp\/v2\/tags?post=15778"},{"taxonomy":"categoria_noticias","embeddable":true,"href":"https:\/\/portal.fgeo.gob.mx\/index.php\/wp-json\/wp\/v2\/categoria_noticias?post=15778"}],"curies":[{"name":"wp","href":"https:\/\/api.w.org\/{rel}","templated":true}]}}