{"id":15776,"date":"2023-08-02T16:09:18","date_gmt":"2023-08-02T22:09:18","guid":{"rendered":"http:\/\/fge.oaxaca.gob.mx\/?post_type=noticias&amp;p=5222"},"modified":"2023-08-02T16:09:18","modified_gmt":"2023-08-02T22:09:18","slug":"ejecuta-fiscalia-de-oaxaca-orden-de-aprehension-por-feminicidio-ocurrido-en-salina-cruz","status":"publish","type":"noticias","link":"https:\/\/portal.fgeo.gob.mx\/index.php\/archivos\/noticias\/ejecuta-fiscalia-de-oaxaca-orden-de-aprehension-por-feminicidio-ocurrido-en-salina-cruz","title":{"rendered":"Ejecuta Fiscal\u00eda de Oaxaca orden de aprehensi\u00f3n por feminicidio ocurrido en Salina Cruz"},"content":{"rendered":"<p style=\"font-weight: 400; text-align: justify;\"><strong>Oaxaca de Ju\u00e1rez, Oax., a 2 de agosto de 2023.- \u00a0<\/strong>La Fiscal\u00eda General del Estado de Oaxaca (FGEO) ejecut\u00f3 una orden de aprehensi\u00f3n contra un hombre identificado como E.R.A., por el delito de feminicidio cometido en Salina Cruz, el pasado 30 de julio.<\/p>\n<p style=\"font-weight: 400; text-align: justify;\">En la fecha antes mencionada, la FGEO fue alertada sobre el hallazgo del cuerpo sin vida de una mujer, a un costado de la carretera federal 200 en un terreno bald\u00edo a la altura de la colonia \u201cLa Hacienda\u201d de Salina Cruz.<\/p>\n<p style=\"font-weight: 400; text-align: justify;\">Ante ello, la instituci\u00f3n realiz\u00f3 un despliegue de un equipo multidisciplinario para llevar a cabo las primeras diligencias, as\u00ed como obtener informaci\u00f3n sobre los hechos.<\/p>\n<p style=\"font-weight: 400; text-align: justify;\">De acuerdo con las investigaciones, el imputado habr\u00eda discutido con la v\u00edctima y posteriormente tom\u00f3 un objeto corto contundente (machete) con el cual la golpe\u00f3, lesiones que ocasionaron la muerte de G.Z.M.<\/p>\n<p style=\"font-weight: 400; text-align: justify;\">Por estos hechos, la Vicefiscal\u00eda Regional del Istmo, inici\u00f3 las indagatorias que permitieron obtener del Juez la orden de aprehensi\u00f3n contra E.R.A., misma que fue ejecutada este martes 1 de agosto, por lo que el imputado fue puesto a disposici\u00f3n del Ministerio P\u00fablico.<\/p>\n<p style=\"font-weight: 400; text-align: justify;\">La Fiscal\u00eda General del Estado de Oaxaca prioriza la investigaci\u00f3n de los delitos contra la mujer, por lo que cuenta con un equipo multidisciplinario que realiza las indagatorias con perspectiva de g\u00e9nero, esto con el objetivo de brindar mejores resultados a las v\u00edctimas directas e indirectas para garantizarles un adecuado acceso a la procuraci\u00f3n de justicia.<\/p>\n","protected":false},"author":1,"featured_media":3175,"comment_status":"closed","ping_status":"closed","template":"","tags":[],"categoria_noticias":[],"class_list":["post-15776","noticias","type-noticias","status-publish","has-post-thumbnail","hentry"],"acf":[],"mb":[],"mfb_rest_fields":["title","gutenberg_elementor_mode"],"_links":{"self":[{"href":"https:\/\/portal.fgeo.gob.mx\/index.php\/wp-json\/wp\/v2\/noticias\/15776","targetHints":{"allow":["GET"]}}],"collection":[{"href":"https:\/\/portal.fgeo.gob.mx\/index.php\/wp-json\/wp\/v2\/noticias"}],"about":[{"href":"https:\/\/portal.fgeo.gob.mx\/index.php\/wp-json\/wp\/v2\/types\/noticias"}],"author":[{"embeddable":true,"href":"https:\/\/portal.fgeo.gob.mx\/index.php\/wp-json\/wp\/v2\/users\/1"}],"replies":[{"embeddable":true,"href":"https:\/\/portal.fgeo.gob.mx\/index.php\/wp-json\/wp\/v2\/comments?post=15776"}],"wp:featuredmedia":[{"embeddable":true,"href":"https:\/\/portal.fgeo.gob.mx\/index.php\/wp-json\/"}],"wp:attachment":[{"href":"https:\/\/portal.fgeo.gob.mx\/index.php\/wp-json\/wp\/v2\/media?parent=15776"}],"wp:term":[{"taxonomy":"post_tag","embeddable":true,"href":"https:\/\/portal.fgeo.gob.mx\/index.php\/wp-json\/wp\/v2\/tags?post=15776"},{"taxonomy":"categoria_noticias","embeddable":true,"href":"https:\/\/portal.fgeo.gob.mx\/index.php\/wp-json\/wp\/v2\/categoria_noticias?post=15776"}],"curies":[{"name":"wp","href":"https:\/\/api.w.org\/{rel}","templated":true}]}}