{"id":15775,"date":"2023-08-01T19:31:00","date_gmt":"2023-08-02T01:31:00","guid":{"rendered":"http:\/\/fge.oaxaca.gob.mx\/?post_type=noticias&amp;p=5221"},"modified":"2023-08-01T19:31:00","modified_gmt":"2023-08-02T01:31:00","slug":"sentencia-de-30-anos-de-prision-obtiene-fgeo-contra-dos-responsables-de-homicidio-cometido-en-la-cuenca","status":"publish","type":"noticias","link":"https:\/\/portal.fgeo.gob.mx\/index.php\/archivos\/noticias\/sentencia-de-30-anos-de-prision-obtiene-fgeo-contra-dos-responsables-de-homicidio-cometido-en-la-cuenca","title":{"rendered":"Sentencia de 30 a\u00f1os de prisi\u00f3n, obtiene FGEO contra dos responsables de homicidio cometido en la Cuenca"},"content":{"rendered":"<p style=\"font-weight: 400; text-align: justify;\"><strong>Oaxaca de Ju\u00e1rez, Oax., a 1 de agosto de 2023.-\u00a0 \u00a0<\/strong>El trabajo especializado en materia de delitos de alto impacto que realiza la Fiscal\u00eda General del Estado de Oaxaca (FGEO), dio como resultado la obtenci\u00f3n de una sentencia condenatoria de 30 a\u00f1os de prisi\u00f3n para cada uno de los dos responsables del delito de Homicidio Calificado, cometido en el distrito de Cho\u00e1pam, en la regi\u00f3n de la Cuenca del Papaloapan.<\/p>\n<p style=\"font-weight: 400; text-align: justify;\">Conforme lo establecido en la causa penal, los hechos ocurrieron el 17 de abril de 2020, en inmediaciones de la agencia de Polic\u00eda de Santa Mar\u00eda Lovani, perteneciente al municipio de San Juan Petlapa.<\/p>\n<p style=\"font-weight: 400; text-align: justify;\">En el lugar, los hombres imputados, identificados como F. O. A. y D. M. A. agredieron con machetes a la v\u00edctima -M. A. A.-, a quien infligieron graves heridas que le provocaron la muerte, por lo que la FGEO tom\u00f3 conocimiento del caso.<\/p>\n<p style=\"font-weight: 400; text-align: justify;\">La Vicefiscal\u00eda Regional de la Cuenca inici\u00f3 las investigaciones al respecto, desplegando un equipo multidisciplinario alrededor de los hechos, que obtuvo las pruebas suficientes con las cuales se obtuvo la orden de aprehensi\u00f3n gracias a la que detuvieron a los dos imputados por la comisi\u00f3n de este delito.<\/p>\n<p style=\"font-weight: 400; text-align: justify;\">Luego de presentar a F. O. A. y D. M. A. ante el Juez, este \u00faltimo dict\u00f3 sentencia condenatoria en contra de los responsables de Homicidio Calificado, quienes pasar\u00e1n 30 a\u00f1os en prisi\u00f3n, adem\u00e1s que se impuso el pago de 434 mil pesos por concepto de reparaci\u00f3n del da\u00f1o.<\/p>\n<p style=\"font-weight: 400; text-align: justify;\">El acompa\u00f1amiento legal que realiza la Fiscal\u00eda de Oaxaca, es parte de las labores otorgadas para que las v\u00edctimas (directas e indirectas) tengan pleno acceso a la justicia y obtengan el beneficio de la reparaci\u00f3n del da\u00f1o.<\/p>\n","protected":false},"author":1,"featured_media":3175,"comment_status":"closed","ping_status":"closed","template":"","tags":[],"categoria_noticias":[],"class_list":["post-15775","noticias","type-noticias","status-publish","has-post-thumbnail","hentry"],"acf":[],"mb":[],"mfb_rest_fields":["title","gutenberg_elementor_mode"],"_links":{"self":[{"href":"https:\/\/portal.fgeo.gob.mx\/index.php\/wp-json\/wp\/v2\/noticias\/15775","targetHints":{"allow":["GET"]}}],"collection":[{"href":"https:\/\/portal.fgeo.gob.mx\/index.php\/wp-json\/wp\/v2\/noticias"}],"about":[{"href":"https:\/\/portal.fgeo.gob.mx\/index.php\/wp-json\/wp\/v2\/types\/noticias"}],"author":[{"embeddable":true,"href":"https:\/\/portal.fgeo.gob.mx\/index.php\/wp-json\/wp\/v2\/users\/1"}],"replies":[{"embeddable":true,"href":"https:\/\/portal.fgeo.gob.mx\/index.php\/wp-json\/wp\/v2\/comments?post=15775"}],"wp:featuredmedia":[{"embeddable":true,"href":"https:\/\/portal.fgeo.gob.mx\/index.php\/wp-json\/"}],"wp:attachment":[{"href":"https:\/\/portal.fgeo.gob.mx\/index.php\/wp-json\/wp\/v2\/media?parent=15775"}],"wp:term":[{"taxonomy":"post_tag","embeddable":true,"href":"https:\/\/portal.fgeo.gob.mx\/index.php\/wp-json\/wp\/v2\/tags?post=15775"},{"taxonomy":"categoria_noticias","embeddable":true,"href":"https:\/\/portal.fgeo.gob.mx\/index.php\/wp-json\/wp\/v2\/categoria_noticias?post=15775"}],"curies":[{"name":"wp","href":"https:\/\/api.w.org\/{rel}","templated":true}]}}