{"id":15774,"date":"2023-08-01T17:24:30","date_gmt":"2023-08-01T23:24:30","guid":{"rendered":"http:\/\/fge.oaxaca.gob.mx\/?post_type=noticias&amp;p=5220"},"modified":"2023-08-01T17:24:30","modified_gmt":"2023-08-01T23:24:30","slug":"por-violencia-familiar-obtiene-fiscalia-de-oaxaca-prision-preventiva-y-vinculacion-a-proceso-contra-dos-hombres","status":"publish","type":"noticias","link":"https:\/\/portal.fgeo.gob.mx\/index.php\/archivos\/noticias\/por-violencia-familiar-obtiene-fiscalia-de-oaxaca-prision-preventiva-y-vinculacion-a-proceso-contra-dos-hombres","title":{"rendered":"Por violencia familiar, obtiene Fiscal\u00eda de Oaxaca prisi\u00f3n preventiva y vinculaci\u00f3n a proceso contra dos hombres"},"content":{"rendered":"<p style=\"font-weight: 400; text-align: justify;\"><strong>Oaxaca de Ju\u00e1rez, Oax., a 1 de agosto de 2023.-\u00a0\u00a0<\/strong>La Fiscal\u00eda General del Estado de Oaxaca (FGEO), obtuvo vinculaci\u00f3n a proceso y prisi\u00f3n preventiva contra dos hombres identificados como F.R.M y B.R.M., imputados por el delito de violencia familiar cometido en agravio de F.M.G.<\/p>\n<p style=\"font-weight: 400; text-align: justify;\">De acuerdo con la causa penal, los hechos se registraron el pasado 12 de febrero de 2023, cuando la v\u00edctima acudi\u00f3 a su casa localizada en el Barrio El Conejo, perteneciente a la localidad de San Jos\u00e9 Cerro Gordo, Santa Mar\u00eda Tonameca, Pochutla, Oaxaca.<\/p>\n<p style=\"font-weight: 400; text-align: justify;\">Ah\u00ed, dos de sus hijos (F.R.M y B.R.M.) la agredieron, provoc\u00e1ndole lesiones en su cuerpo, por lo que, despu\u00e9s de recibir atenci\u00f3n m\u00e9dica, acudi\u00f3 a presentar su denuncia, quedando la investigaci\u00f3n a cargo de la Vicefiscal\u00eda Regional de la Costa.<\/p>\n<p style=\"font-weight: 400; text-align: justify;\">Luego de llevar a cabo las diligencias correspondientes, as\u00ed como presentar las pruebas periciales correspondientes ante el Juez que atiende la causa, se logr\u00f3 librar la orden de aprehensi\u00f3n contra los imputados, quienes tambi\u00e9n fueron vinculados a proceso, quedando en prisi\u00f3n preventiva, adem\u00e1s de que se otorg\u00f3 un plazo de dos meses para el cierre de la investigaci\u00f3n complementaria.<\/p>\n<p style=\"font-weight: 400; text-align: justify;\">La Fiscal\u00eda de Oaxaca atiende y procura justicia para v\u00edctimas directas e indirectas de delitos cometidos contra las mujeres, desde una perspectiva de g\u00e9nero, como parte de una estrategia de atenci\u00f3n prioritaria a este sector social.<\/p>\n","protected":false},"author":1,"featured_media":3175,"comment_status":"closed","ping_status":"closed","template":"","tags":[],"categoria_noticias":[],"class_list":["post-15774","noticias","type-noticias","status-publish","has-post-thumbnail","hentry"],"acf":[],"mb":[],"mfb_rest_fields":["title","gutenberg_elementor_mode"],"_links":{"self":[{"href":"https:\/\/portal.fgeo.gob.mx\/index.php\/wp-json\/wp\/v2\/noticias\/15774","targetHints":{"allow":["GET"]}}],"collection":[{"href":"https:\/\/portal.fgeo.gob.mx\/index.php\/wp-json\/wp\/v2\/noticias"}],"about":[{"href":"https:\/\/portal.fgeo.gob.mx\/index.php\/wp-json\/wp\/v2\/types\/noticias"}],"author":[{"embeddable":true,"href":"https:\/\/portal.fgeo.gob.mx\/index.php\/wp-json\/wp\/v2\/users\/1"}],"replies":[{"embeddable":true,"href":"https:\/\/portal.fgeo.gob.mx\/index.php\/wp-json\/wp\/v2\/comments?post=15774"}],"wp:featuredmedia":[{"embeddable":true,"href":"https:\/\/portal.fgeo.gob.mx\/index.php\/wp-json\/"}],"wp:attachment":[{"href":"https:\/\/portal.fgeo.gob.mx\/index.php\/wp-json\/wp\/v2\/media?parent=15774"}],"wp:term":[{"taxonomy":"post_tag","embeddable":true,"href":"https:\/\/portal.fgeo.gob.mx\/index.php\/wp-json\/wp\/v2\/tags?post=15774"},{"taxonomy":"categoria_noticias","embeddable":true,"href":"https:\/\/portal.fgeo.gob.mx\/index.php\/wp-json\/wp\/v2\/categoria_noticias?post=15774"}],"curies":[{"name":"wp","href":"https:\/\/api.w.org\/{rel}","templated":true}]}}