{"id":15773,"date":"2023-07-31T15:30:55","date_gmt":"2023-07-31T21:30:55","guid":{"rendered":"http:\/\/fge.oaxaca.gob.mx\/?post_type=noticias&amp;p=5219"},"modified":"2023-07-31T15:30:55","modified_gmt":"2023-07-31T21:30:55","slug":"fiscalia-de-oaxaca-logra-sentencia-de-30-anos-de-prision-contra-responsable-de-robo-con-violencia-y-lesiones-calificadas","status":"publish","type":"noticias","link":"https:\/\/portal.fgeo.gob.mx\/index.php\/archivos\/noticias\/fiscalia-de-oaxaca-logra-sentencia-de-30-anos-de-prision-contra-responsable-de-robo-con-violencia-y-lesiones-calificadas","title":{"rendered":"Fiscal\u00eda de Oaxaca logra sentencia de 30 a\u00f1os de prisi\u00f3n contra responsable de robo con violencia y lesiones calificadas"},"content":{"rendered":"<p style=\"font-weight: 400; text-align: justify;\"><strong>Oaxaca de Ju\u00e1rez, Oax., a 31 de julio de 2023.-\u00a0\u00a0<\/strong>La Fiscal\u00eda General del Estado de Oaxaca obtuvo una sentencia condenatoria de 30 a\u00f1os de prisi\u00f3n contra una persona identificada como O.J.M., por los delitos de robo calificado con violencia f\u00edsica y lesiones calificadas con violencia, ocurridos en Juchit\u00e1n de Zaragoza.<\/p>\n<p style=\"font-weight: 400; text-align: justify;\">De acuerdo con el expediente penal, el 17 de julio de 2022, el sentenciado ingres\u00f3 a un domicilio particular ubicado en la Novena Secci\u00f3n del citado municipio, donde despoj\u00f3 de 150 mil pesos a las v\u00edctimas, a quienes, adem\u00e1s, les provoc\u00f3 lesiones con arma de fuego.<\/p>\n<p style=\"font-weight: 400; text-align: justify;\">Ante ello,\u00a0elementos de la polic\u00eda municipal lograron la detenci\u00f3n de O.J.M., para posteriormente ponerlo a disposici\u00f3n del Ministerio P\u00fablico, quedando la investigaci\u00f3n a cargo de la Vicefiscal\u00eda Regional del Istmo.<\/p>\n<p style=\"font-weight: 400; text-align: justify;\">Luego de llevar a cabo las diligencias correspondientes y presentar las pruebas ante el Juez, la FGEO obtuvo la sentencia condenatoria, por los delitos de robo calificado con violencia f\u00edsica y lesiones calificadas con violencia, sumando una pena de 30 a\u00f1os de prisi\u00f3n.<\/p>\n<p style=\"font-weight: 400; text-align: justify;\">As\u00ed tambi\u00e9n, el Juez fij\u00f3 una multa de 56 mil 615 pesos, as\u00ed como 150 mil pesos por concepto de reparaci\u00f3n del da\u00f1o.<\/p>\n<p style=\"font-weight: 400; text-align: justify;\">Ante delitos que da\u00f1an f\u00edsica y patrimonialmente a las personas, la Fiscal\u00eda General del Estado de Oaxaca refrenda su compromiso de procurar justicia a las v\u00edctimas directas, como una acci\u00f3n prioritaria para evitar la repetici\u00f3n de los hechos y buscar medidas de reparaci\u00f3n.<\/p>\n","protected":false},"author":1,"featured_media":3175,"comment_status":"closed","ping_status":"closed","template":"","tags":[],"categoria_noticias":[],"class_list":["post-15773","noticias","type-noticias","status-publish","has-post-thumbnail","hentry"],"acf":[],"mb":[],"mfb_rest_fields":["title","gutenberg_elementor_mode"],"_links":{"self":[{"href":"https:\/\/portal.fgeo.gob.mx\/index.php\/wp-json\/wp\/v2\/noticias\/15773","targetHints":{"allow":["GET"]}}],"collection":[{"href":"https:\/\/portal.fgeo.gob.mx\/index.php\/wp-json\/wp\/v2\/noticias"}],"about":[{"href":"https:\/\/portal.fgeo.gob.mx\/index.php\/wp-json\/wp\/v2\/types\/noticias"}],"author":[{"embeddable":true,"href":"https:\/\/portal.fgeo.gob.mx\/index.php\/wp-json\/wp\/v2\/users\/1"}],"replies":[{"embeddable":true,"href":"https:\/\/portal.fgeo.gob.mx\/index.php\/wp-json\/wp\/v2\/comments?post=15773"}],"wp:featuredmedia":[{"embeddable":true,"href":"https:\/\/portal.fgeo.gob.mx\/index.php\/wp-json\/"}],"wp:attachment":[{"href":"https:\/\/portal.fgeo.gob.mx\/index.php\/wp-json\/wp\/v2\/media?parent=15773"}],"wp:term":[{"taxonomy":"post_tag","embeddable":true,"href":"https:\/\/portal.fgeo.gob.mx\/index.php\/wp-json\/wp\/v2\/tags?post=15773"},{"taxonomy":"categoria_noticias","embeddable":true,"href":"https:\/\/portal.fgeo.gob.mx\/index.php\/wp-json\/wp\/v2\/categoria_noticias?post=15773"}],"curies":[{"name":"wp","href":"https:\/\/api.w.org\/{rel}","templated":true}]}}