{"id":15772,"date":"2023-07-31T13:37:19","date_gmt":"2023-07-31T19:37:19","guid":{"rendered":"http:\/\/fge.oaxaca.gob.mx\/?post_type=noticias&amp;p=5218"},"modified":"2023-07-31T13:37:19","modified_gmt":"2023-07-31T19:37:19","slug":"obtiene-fiscalia-de-oaxaca-prision-preventiva-y-vinculacion-a-proceso-contra-imputado-por-feminicidio-ocurrido-en-la-cuenca","status":"publish","type":"noticias","link":"https:\/\/portal.fgeo.gob.mx\/index.php\/archivos\/noticias\/obtiene-fiscalia-de-oaxaca-prision-preventiva-y-vinculacion-a-proceso-contra-imputado-por-feminicidio-ocurrido-en-la-cuenca","title":{"rendered":"Obtiene Fiscal\u00eda de Oaxaca prisi\u00f3n preventiva y vinculaci\u00f3n a proceso contra imputado por Feminicidio, ocurrido en la Cuenca"},"content":{"rendered":"<p style=\"font-weight: 400; text-align: justify;\"><strong>Oaxaca de Ju\u00e1rez, Oax., a 31 de julio de 2023.-\u00a0\u00a0<\/strong>La Fiscal\u00eda General del Estado de Oaxaca (FGEO), obtuvo vinculaci\u00f3n a proceso y prisi\u00f3n preventiva, contra un hombre identificado por las iniciales A.T.M., imputado por el delito de feminicidio cometido en Jalapa de D\u00edaz.<\/p>\n<p style=\"font-weight: 400; text-align: justify;\">De acuerdo con la causa penal, los sucesos ocurrieron en la citada poblaci\u00f3n el 28 de noviembre de 2020, cuando la v\u00edctima, P.C.S fue encontrada al interior de una vivienda sin vida, por lo que el caso qued\u00f3 bajo investigaci\u00f3n de la Vicefiscal\u00eda Regional de la Cuenca.<\/p>\n<p style=\"font-weight: 400; text-align: justify;\">Al realizar las indagatorias correspondientes, se estableci\u00f3 que el imputado presuntamente cometi\u00f3 el feminicidio contra su expareja.<\/p>\n<p style=\"font-weight: 400; text-align: justify;\">Ante ello, se obtuvo en un primer momento la orden de aprehensi\u00f3n y tras la ejecuci\u00f3n de la misma, A.T.M qued\u00f3 a disposici\u00f3n del Juez, quien lo vincul\u00f3 a proceso y le dict\u00f3 la medida cautelar de prisi\u00f3n preventiva, estableciendo un mes para el cierre de la investigaci\u00f3n correspondiente.<\/p>\n<p style=\"font-weight: 400; text-align: justify;\">La Fiscal\u00eda General del Estado de Oaxaca realiza investigaciones con perspectiva de g\u00e9nero, encaminadas a procurar justicia a las v\u00edctimas directas e indirectas de delitos cometidos contra las mujeres.<\/p>\n","protected":false},"author":1,"featured_media":3175,"comment_status":"closed","ping_status":"closed","template":"","tags":[],"categoria_noticias":[],"class_list":["post-15772","noticias","type-noticias","status-publish","has-post-thumbnail","hentry"],"acf":[],"mb":[],"mfb_rest_fields":["title","gutenberg_elementor_mode"],"_links":{"self":[{"href":"https:\/\/portal.fgeo.gob.mx\/index.php\/wp-json\/wp\/v2\/noticias\/15772","targetHints":{"allow":["GET"]}}],"collection":[{"href":"https:\/\/portal.fgeo.gob.mx\/index.php\/wp-json\/wp\/v2\/noticias"}],"about":[{"href":"https:\/\/portal.fgeo.gob.mx\/index.php\/wp-json\/wp\/v2\/types\/noticias"}],"author":[{"embeddable":true,"href":"https:\/\/portal.fgeo.gob.mx\/index.php\/wp-json\/wp\/v2\/users\/1"}],"replies":[{"embeddable":true,"href":"https:\/\/portal.fgeo.gob.mx\/index.php\/wp-json\/wp\/v2\/comments?post=15772"}],"wp:featuredmedia":[{"embeddable":true,"href":"https:\/\/portal.fgeo.gob.mx\/index.php\/wp-json\/"}],"wp:attachment":[{"href":"https:\/\/portal.fgeo.gob.mx\/index.php\/wp-json\/wp\/v2\/media?parent=15772"}],"wp:term":[{"taxonomy":"post_tag","embeddable":true,"href":"https:\/\/portal.fgeo.gob.mx\/index.php\/wp-json\/wp\/v2\/tags?post=15772"},{"taxonomy":"categoria_noticias","embeddable":true,"href":"https:\/\/portal.fgeo.gob.mx\/index.php\/wp-json\/wp\/v2\/categoria_noticias?post=15772"}],"curies":[{"name":"wp","href":"https:\/\/api.w.org\/{rel}","templated":true}]}}