{"id":15771,"date":"2023-07-30T16:14:38","date_gmt":"2023-07-30T22:14:38","guid":{"rendered":"http:\/\/fge.oaxaca.gob.mx\/?post_type=noticias&amp;p=5217"},"modified":"2023-07-30T16:14:38","modified_gmt":"2023-07-30T22:14:38","slug":"rinde-fiscalia-de-oaxaca-homenaje-de-cuerpo-presente-a-agente-estatal-de-investigacion-caido-en-el-cumplimiento-de-su-deber","status":"publish","type":"noticias","link":"https:\/\/portal.fgeo.gob.mx\/index.php\/archivos\/noticias\/rinde-fiscalia-de-oaxaca-homenaje-de-cuerpo-presente-a-agente-estatal-de-investigacion-caido-en-el-cumplimiento-de-su-deber","title":{"rendered":"Rinde Fiscal\u00eda de Oaxaca homenaje de cuerpo presente a Agente Estatal de Investigaci\u00f3n ca\u00eddo en el cumplimiento de su deber"},"content":{"rendered":"<p style=\"font-weight: 400; text-align: justify;\"><strong>La Experimental, San Antonio de la Cal, Oax., a 30 de julio de 2023<\/strong>.- La Fiscal\u00eda General del Estado de Oaxaca (FGEO) rindi\u00f3 un homenaje de cuerpo presente al Agente Estatal de Investigaciones del Grupo Antisecuestros, Andr\u00e9s Avelino L\u00f3pez Hern\u00e1ndez, quien falleci\u00f3 en el cumplimiento de su deber durante un operativo efectuado en Nuevo Cerro Mojarra, San Felipe Zihualtepec realizado la madrugada del 29 de julio de 2023.<\/p>\n<p style=\"font-weight: 400; text-align: justify;\">El acto efectuado en las instalaciones de la AEI, estuvo encabezado por el Fiscal General, Bernardo Rodr\u00edguez Alamilla; as\u00ed como por el Coordinador de la AEI, Jaciel V\u00e1squez Castro; familiares del elemento policial; el Secretario de Seguridad P\u00fablica, Iv\u00e1n Garc\u00eda \u00c1lvarez; el comandante de la Octava Regi\u00f3n Militar, General Joselino Barrios Barrios y el Inspector Jefe de la Guardia Nacional, Joel Gonz\u00e1lez Cruz.<\/p>\n<p style=\"font-weight: 400; text-align: justify;\">Luego de efectuarse el \u00faltimo pase de lista, toque de silencio, as\u00ed como la salva de honor en memoria del agente Andr\u00e9s Avelino L\u00f3pez Hern\u00e1ndez; el Fiscal General reconoci\u00f3 la lealtad, profesionalismo y hero\u00edsmo del elemento con placa 1111, al tiempo que extern\u00f3 sus condolencias a la familia.<\/p>\n<p style=\"font-weight: 400; text-align: justify;\">En la emotiva despedida y honra a la valent\u00eda del agente ca\u00eddo, Rodr\u00edguez Alamilla reiter\u00f3 el compromiso institucional y personal con la familia, para garantizarles el pleno acceso a sus derechos en forma efectiva, adem\u00e1s de recordarles que cuentan con la solidaridad y protecci\u00f3n de la instituci\u00f3n procuradora de justicia.<\/p>\n<p style=\"font-weight: 400; text-align: justify;\">Asimismo, afirm\u00f3 que este crimen no quedar\u00e1 impune, pues se reaccionar\u00e1 con toda la firmeza y fuerza del Estado para sancionar a las personas responsables de estos hechos, debido a que un acto de violencia contra la polic\u00eda investigadora representa un agravio contra toda la sociedad, pues son los Agentes Estatales de Investigaci\u00f3n, los encargados de llevar ante la justicia a los responsables de delitos que lesionan a la sociedad.<\/p>\n<p style=\"font-weight: 400; text-align: justify;\">Por su parte, el coordinador general de la AEI afirm\u00f3 que el agente Andr\u00e9s Avelino L\u00f3pez Hern\u00e1ndez, se destac\u00f3 por su capacidad y sacrificio, logrando superarse profesionalmente, lo que lo convirti\u00f3 en un extraordinario polic\u00eda, contribuyendo a detener a quienes cometieron delitos graves, esto con el objetivo de mejorar la seguridad de las y los oaxaque\u00f1os.<\/p>\n<p style=\"font-weight: 400; text-align: justify;\">Posteriormente, el Fiscal General, acompa\u00f1ado por la familia del agente, coloc\u00f3 la fotograf\u00eda del elemento investigador en el Sal\u00f3n de Honor, donde brind\u00f3 palabras de aliento y compromiso a los seres queridos.<\/p>\n","protected":false},"author":1,"featured_media":3175,"comment_status":"closed","ping_status":"closed","template":"","tags":[],"categoria_noticias":[],"class_list":["post-15771","noticias","type-noticias","status-publish","has-post-thumbnail","hentry"],"acf":[],"mb":[],"mfb_rest_fields":["title","gutenberg_elementor_mode"],"_links":{"self":[{"href":"https:\/\/portal.fgeo.gob.mx\/index.php\/wp-json\/wp\/v2\/noticias\/15771","targetHints":{"allow":["GET"]}}],"collection":[{"href":"https:\/\/portal.fgeo.gob.mx\/index.php\/wp-json\/wp\/v2\/noticias"}],"about":[{"href":"https:\/\/portal.fgeo.gob.mx\/index.php\/wp-json\/wp\/v2\/types\/noticias"}],"author":[{"embeddable":true,"href":"https:\/\/portal.fgeo.gob.mx\/index.php\/wp-json\/wp\/v2\/users\/1"}],"replies":[{"embeddable":true,"href":"https:\/\/portal.fgeo.gob.mx\/index.php\/wp-json\/wp\/v2\/comments?post=15771"}],"wp:featuredmedia":[{"embeddable":true,"href":"https:\/\/portal.fgeo.gob.mx\/index.php\/wp-json\/"}],"wp:attachment":[{"href":"https:\/\/portal.fgeo.gob.mx\/index.php\/wp-json\/wp\/v2\/media?parent=15771"}],"wp:term":[{"taxonomy":"post_tag","embeddable":true,"href":"https:\/\/portal.fgeo.gob.mx\/index.php\/wp-json\/wp\/v2\/tags?post=15771"},{"taxonomy":"categoria_noticias","embeddable":true,"href":"https:\/\/portal.fgeo.gob.mx\/index.php\/wp-json\/wp\/v2\/categoria_noticias?post=15771"}],"curies":[{"name":"wp","href":"https:\/\/api.w.org\/{rel}","templated":true}]}}