{"id":15770,"date":"2023-07-29T10:32:42","date_gmt":"2023-07-29T16:32:42","guid":{"rendered":"http:\/\/fge.oaxaca.gob.mx\/?post_type=noticias&amp;p=5215"},"modified":"2023-07-29T10:32:42","modified_gmt":"2023-07-29T16:32:42","slug":"lamenta-fiscalia-de-oaxaca-homicidio-de-agente-estatal-de-investigaciones-en-cumplimiento-de-operativo-se-brinda-atencion-medica-heridos","status":"publish","type":"noticias","link":"https:\/\/portal.fgeo.gob.mx\/index.php\/archivos\/noticias\/lamenta-fiscalia-de-oaxaca-homicidio-de-agente-estatal-de-investigaciones-en-cumplimiento-de-operativo-se-brinda-atencion-medica-heridos","title":{"rendered":"Lamenta Fiscal\u00eda de Oaxaca homicidio de Agente Estatal de Investigaciones en cumplimiento de operativo; se brinda atenci\u00f3n m\u00e9dica heridos"},"content":{"rendered":"<p style=\"font-weight: 400;\"><strong>Oaxaca de Ju\u00e1rez, Oax., a 29 de julio de 2023.-\u00a0\u00a0<\/strong>La Fiscal\u00eda General del Estado de Oaxaca (FGEO) inici\u00f3 una carpeta de investigaci\u00f3n por el homicidio de un elemento de la Agencia Estatal de Investigaciones (AEI) identificado como A.A.L.H., perteneciente al grupo antisecuestros, as\u00ed como las lesiones infligidas contra elementos de la corporaci\u00f3n, en hechos registrados en el marco de un operativo efectuado en carretera a Nuevo Cerro Mojarra, San Felipe Zihualtepec.<\/p>\n<p style=\"font-weight: 400;\">Los acontecimientos ocurrieron la madrugada de este s\u00e1bado 29 de julio, cuando elementos de la AEI, conjuntamente con Guardia Nacional y Secretar\u00eda de la Defensa Nacional daban cumplimiento a una orden de cateo emitida por un Juez, al rancho \u201cLos Odilones o los Garc\u00eda\u201d, ubicado en el citado lugar.<\/p>\n<p style=\"font-weight: 400;\">La FGEO realiza todas las gestiones necesarias para que los elementos lesionados reciban atenci\u00f3n m\u00e9dica especializada, adem\u00e1s de que se ha efectuado el traslado de uno de ellos v\u00eda a\u00e9rea a la Ciudad de Oaxaca para su canalizaci\u00f3n a un hospital.<\/p>\n<p style=\"font-weight: 400;\">En el marco del operativo dos personas resultaron detenidas, mientras que T.G.R., quien era uno de los objetivos de cumplimiento de orden de aprehensi\u00f3n, perdi\u00f3 la vida.<\/p>\n<p style=\"font-weight: 400;\">La Fiscal\u00eda General del Estado de Oaxaca refrenda su compromiso para con el personal de la AEI, reconoce su labor y valent\u00eda, pues en su labor diaria se encuentran los riesgos permanentes, en la b\u00fasqueda de una sociedad m\u00e1s justa.<\/p>\n<p style=\"font-weight: 400;\">Para la instituci\u00f3n, el fallecimiento de nuestro compa\u00f1ero A.A.L.H., representa un duelo en el que estrechamos lazos con su familia y a sus seres queridos, a quienes refrendamos nuestra corresponsabilidad de brindar cobijo, lo que implica cumplir con sus derechos adquiridos y fortalecer los lazos que permitan honrar su memoria.<\/p>\n<p style=\"font-weight: 400;\">As\u00ed tambi\u00e9n, la FGEO reitera que realizar\u00e1 todas las gestiones necesarias para garantizar la atenci\u00f3n m\u00e9dica, hasta su recuperaci\u00f3n, de los elementos que resultaron heridos.<\/p>\n<p style=\"font-weight: 400;\">La Fiscal\u00eda de Oaxaca llevar\u00e1 a cabo las investigaciones necesarias, as\u00ed como todas las acciones para garantizar la aplicaci\u00f3n de la Ley, con firmeza, contra quienes resulten responsables de estos delitos, pues bajo ninguna circunstancia tolerar\u00e1, ni permitir\u00e1 la impunidad en estos hechos.<\/p>\n","protected":false},"author":1,"featured_media":3175,"comment_status":"closed","ping_status":"closed","template":"","tags":[],"categoria_noticias":[],"class_list":["post-15770","noticias","type-noticias","status-publish","has-post-thumbnail","hentry"],"acf":[],"mb":[],"mfb_rest_fields":["title","gutenberg_elementor_mode"],"_links":{"self":[{"href":"https:\/\/portal.fgeo.gob.mx\/index.php\/wp-json\/wp\/v2\/noticias\/15770","targetHints":{"allow":["GET"]}}],"collection":[{"href":"https:\/\/portal.fgeo.gob.mx\/index.php\/wp-json\/wp\/v2\/noticias"}],"about":[{"href":"https:\/\/portal.fgeo.gob.mx\/index.php\/wp-json\/wp\/v2\/types\/noticias"}],"author":[{"embeddable":true,"href":"https:\/\/portal.fgeo.gob.mx\/index.php\/wp-json\/wp\/v2\/users\/1"}],"replies":[{"embeddable":true,"href":"https:\/\/portal.fgeo.gob.mx\/index.php\/wp-json\/wp\/v2\/comments?post=15770"}],"wp:featuredmedia":[{"embeddable":true,"href":"https:\/\/portal.fgeo.gob.mx\/index.php\/wp-json\/"}],"wp:attachment":[{"href":"https:\/\/portal.fgeo.gob.mx\/index.php\/wp-json\/wp\/v2\/media?parent=15770"}],"wp:term":[{"taxonomy":"post_tag","embeddable":true,"href":"https:\/\/portal.fgeo.gob.mx\/index.php\/wp-json\/wp\/v2\/tags?post=15770"},{"taxonomy":"categoria_noticias","embeddable":true,"href":"https:\/\/portal.fgeo.gob.mx\/index.php\/wp-json\/wp\/v2\/categoria_noticias?post=15770"}],"curies":[{"name":"wp","href":"https:\/\/api.w.org\/{rel}","templated":true}]}}