{"id":15769,"date":"2023-07-28T15:24:09","date_gmt":"2023-07-28T21:24:09","guid":{"rendered":"http:\/\/fge.oaxaca.gob.mx\/?post_type=noticias&amp;p=5214"},"modified":"2023-07-28T15:24:09","modified_gmt":"2023-07-28T21:24:09","slug":"sentencia-de-31-anos-de-prision-obtiene-la-fiscalia-de-oaxaca-en-contra-de-responsable-de-homicidio-cometido-en-la-canada","status":"publish","type":"noticias","link":"https:\/\/portal.fgeo.gob.mx\/index.php\/archivos\/noticias\/sentencia-de-31-anos-de-prision-obtiene-la-fiscalia-de-oaxaca-en-contra-de-responsable-de-homicidio-cometido-en-la-canada","title":{"rendered":"Sentencia de 31 a\u00f1os de prisi\u00f3n, obtiene la Fiscal\u00eda de Oaxaca en contra de responsable de homicidio cometido en la Ca\u00f1ada"},"content":{"rendered":"<p style=\"font-weight: 400; text-align: justify;\"><strong>Oaxaca de Ju\u00e1rez, Oax., a 28 de julio de 2023.-\u00a0<\/strong>La Fiscal\u00eda General del Estado de Oaxaca (FGEO) obtuvo una sentencia condenatoria de 31 a\u00f1os con tres meses de prisi\u00f3n contra una persona del sexo masculino identificada como E.P.C., responsable del delito de homicidio calificado, cometido en agravio de H.T.G., en hechos ocurridos en la regi\u00f3n Ca\u00f1ada.<\/p>\n<p style=\"font-weight: 400; text-align: justify;\">De acuerdo con la causa penal, los sucesos ocurrieron el 3 de mayo del a\u00f1o 2020, cuando la v\u00edctima se encontraba en la c\u00e1rcel municipal de San Francisco Huehuetl\u00e1n, cuando lleg\u00f3 E.P.C. quien dispar\u00f3 en su contra con una escopeta, infligiendo lesiones que terminaron con su vida.<\/p>\n<p style=\"font-weight: 400; text-align: justify;\">Ante los hechos, la Vicefiscal\u00eda General de Control Regional atrajo las investigaciones del caso, las cuales permitieron la detenci\u00f3n de E.P.C., quien fue presentado ante el Juez que, luego de evaluar las pruebas aportadas por la FGEO, dict\u00f3 sentencia condenatoria de 31 a\u00f1os con tres meses de prisi\u00f3n por el delito de homicidio calificado e impuso el pago de m\u00e1s de 434 mil pesos por el concepto de pago de reparaci\u00f3n del da\u00f1o.<\/p>\n<p style=\"font-weight: 400; text-align: justify;\">El trabajo de la Fiscal\u00eda de Oaxaca tiene como primer objetivo que las v\u00edctimas tengan el acceso pleno a la justicia y la reparaci\u00f3n integral del da\u00f1o.<\/p>\n","protected":false},"author":1,"featured_media":3175,"comment_status":"closed","ping_status":"closed","template":"","tags":[],"categoria_noticias":[],"class_list":["post-15769","noticias","type-noticias","status-publish","has-post-thumbnail","hentry"],"acf":[],"mb":[],"mfb_rest_fields":["title","gutenberg_elementor_mode"],"_links":{"self":[{"href":"https:\/\/portal.fgeo.gob.mx\/index.php\/wp-json\/wp\/v2\/noticias\/15769","targetHints":{"allow":["GET"]}}],"collection":[{"href":"https:\/\/portal.fgeo.gob.mx\/index.php\/wp-json\/wp\/v2\/noticias"}],"about":[{"href":"https:\/\/portal.fgeo.gob.mx\/index.php\/wp-json\/wp\/v2\/types\/noticias"}],"author":[{"embeddable":true,"href":"https:\/\/portal.fgeo.gob.mx\/index.php\/wp-json\/wp\/v2\/users\/1"}],"replies":[{"embeddable":true,"href":"https:\/\/portal.fgeo.gob.mx\/index.php\/wp-json\/wp\/v2\/comments?post=15769"}],"wp:featuredmedia":[{"embeddable":true,"href":"https:\/\/portal.fgeo.gob.mx\/index.php\/wp-json\/"}],"wp:attachment":[{"href":"https:\/\/portal.fgeo.gob.mx\/index.php\/wp-json\/wp\/v2\/media?parent=15769"}],"wp:term":[{"taxonomy":"post_tag","embeddable":true,"href":"https:\/\/portal.fgeo.gob.mx\/index.php\/wp-json\/wp\/v2\/tags?post=15769"},{"taxonomy":"categoria_noticias","embeddable":true,"href":"https:\/\/portal.fgeo.gob.mx\/index.php\/wp-json\/wp\/v2\/categoria_noticias?post=15769"}],"curies":[{"name":"wp","href":"https:\/\/api.w.org\/{rel}","templated":true}]}}