{"id":15768,"date":"2023-07-28T13:04:35","date_gmt":"2023-07-28T19:04:35","guid":{"rendered":"http:\/\/fge.oaxaca.gob.mx\/?post_type=noticias&amp;p=5213"},"modified":"2023-07-28T13:04:35","modified_gmt":"2023-07-28T19:04:35","slug":"fiscalia-de-oaxaca-obtiene-vinculacion-a-proceso-contra-venezolano-imputado-por-homicidio-de-regidora-de-tapanatepec","status":"publish","type":"noticias","link":"https:\/\/portal.fgeo.gob.mx\/index.php\/archivos\/noticias\/fiscalia-de-oaxaca-obtiene-vinculacion-a-proceso-contra-venezolano-imputado-por-homicidio-de-regidora-de-tapanatepec","title":{"rendered":"Fiscal\u00eda de Oaxaca obtiene vinculaci\u00f3n a proceso contra venezolano imputado por homicidio de Regidora de Tapanatepec"},"content":{"rendered":"<p style=\"font-weight: 400; text-align: justify;\"><strong>Oaxaca de Ju\u00e1rez, Oax., a 28 de julio de 2023.-\u00a0\u00a0<\/strong>Derivado de los trabajos de ciencia jur\u00eddica y de inteligencia realizados por la Fiscal\u00eda General del Estado de Oaxaca (FGEO), se obtuvo auto de vinculaci\u00f3n a proceso y prisi\u00f3n preventiva en contra de J.M.M.U. (hombre originario de Venezuela), imputado por el homicidio de H.C.L., quien al momento de los hechos se desempe\u00f1aba como \u00a0Regidora de San Pedro Tapanatepec del municipio ubicado en la regi\u00f3n del Istmo de Tehuantepec.<\/p>\n<p style=\"font-weight: 400; text-align: justify;\">De acuerdo con lo asentado en la causa penal, los acontecimientos sucedieron el 19 de enero de 2023, cuando un grupo de hombres armados arrib\u00f3 al establecimiento, propiedad de la v\u00edctima y su familia, localizado en el barrio La Flores, de Tapanatepec.<\/p>\n<p style=\"font-weight: 400; text-align: justify;\">En el lugar, realizaron disparos de arma de fuego, situaci\u00f3n por la que H.C.L. result\u00f3 con severas lesiones que le provocaron la muerte. Luego del ataque armado, los agresores huyeron del lugar.<\/p>\n<p style=\"font-weight: 400; text-align: justify;\">Al tomar conocimiento de los hechos, la FGEO, a trav\u00e9s de la Vicefiscal\u00eda Regional del Istmo inici\u00f3 con las investigaciones correspondientes, con las que logr\u00f3 establecer s\u00f3lidas l\u00edneas de investigaci\u00f3n, gracias a las cuales se obtuvo una orden de aprehensi\u00f3n que se ejecut\u00f3 en contra del imputado.<\/p>\n<p style=\"font-weight: 400; text-align: justify;\">Luego de presentar las pruebas suficientes ante el Juez, \u00e9ste dict\u00f3 auto de vinculaci\u00f3n a proceso en contra de J.M.M.U., por el delito de homicidio calificado en contra de H.C.L., por lo que impuso prisi\u00f3n preventiva al imputado y otorg\u00f3 tres meses para el cierre de la investigaci\u00f3n complementaria.<\/p>\n<p style=\"font-weight: 400; text-align: justify;\">La aplicaci\u00f3n de t\u00e9cnicas especializadas para las investigaciones de delitos de alto impacto, permiten que la Fiscal\u00eda de Oaxaca entregue resultados en la resoluci\u00f3n de casos de este tipo, para preservar la paz social en las diferentes regiones del estado.<\/p>\n","protected":false},"author":1,"featured_media":3175,"comment_status":"closed","ping_status":"closed","template":"","tags":[],"categoria_noticias":[],"class_list":["post-15768","noticias","type-noticias","status-publish","has-post-thumbnail","hentry"],"acf":[],"mb":[],"mfb_rest_fields":["title","gutenberg_elementor_mode"],"_links":{"self":[{"href":"https:\/\/portal.fgeo.gob.mx\/index.php\/wp-json\/wp\/v2\/noticias\/15768","targetHints":{"allow":["GET"]}}],"collection":[{"href":"https:\/\/portal.fgeo.gob.mx\/index.php\/wp-json\/wp\/v2\/noticias"}],"about":[{"href":"https:\/\/portal.fgeo.gob.mx\/index.php\/wp-json\/wp\/v2\/types\/noticias"}],"author":[{"embeddable":true,"href":"https:\/\/portal.fgeo.gob.mx\/index.php\/wp-json\/wp\/v2\/users\/1"}],"replies":[{"embeddable":true,"href":"https:\/\/portal.fgeo.gob.mx\/index.php\/wp-json\/wp\/v2\/comments?post=15768"}],"wp:featuredmedia":[{"embeddable":true,"href":"https:\/\/portal.fgeo.gob.mx\/index.php\/wp-json\/"}],"wp:attachment":[{"href":"https:\/\/portal.fgeo.gob.mx\/index.php\/wp-json\/wp\/v2\/media?parent=15768"}],"wp:term":[{"taxonomy":"post_tag","embeddable":true,"href":"https:\/\/portal.fgeo.gob.mx\/index.php\/wp-json\/wp\/v2\/tags?post=15768"},{"taxonomy":"categoria_noticias","embeddable":true,"href":"https:\/\/portal.fgeo.gob.mx\/index.php\/wp-json\/wp\/v2\/categoria_noticias?post=15768"}],"curies":[{"name":"wp","href":"https:\/\/api.w.org\/{rel}","templated":true}]}}