{"id":15767,"date":"2023-07-27T19:32:01","date_gmt":"2023-07-28T01:32:01","guid":{"rendered":"http:\/\/fge.oaxaca.gob.mx\/?post_type=noticias&amp;p=5212"},"modified":"2023-07-27T19:32:01","modified_gmt":"2023-07-28T01:32:01","slug":"fiscalia-de-oaxaca-despliega-equipo-especializado-e-inicia-investigacion-por-homicidio-cometido-en-colonia-monte-alban-de-la-capital","status":"publish","type":"noticias","link":"https:\/\/portal.fgeo.gob.mx\/index.php\/archivos\/noticias\/fiscalia-de-oaxaca-despliega-equipo-especializado-e-inicia-investigacion-por-homicidio-cometido-en-colonia-monte-alban-de-la-capital","title":{"rendered":"Fiscal\u00eda de Oaxaca despliega equipo especializado e inicia investigaci\u00f3n por homicidio cometido en colonia Monte Alb\u00e1n de la capital"},"content":{"rendered":"<p style=\"font-weight: 400; text-align: justify;\"><strong>Oaxaca de Ju\u00e1rez, Oax., a 27 de julio de 2023.-\u00a0<\/strong>La Fiscal\u00eda General del Estado de Oaxaca (FGEO) inici\u00f3 una carpeta de investigaci\u00f3n por el delito de Homicidio Calificado, derivado de una agresi\u00f3n armada en la que una persona perdi\u00f3 la vida, en hechos ocurridos la tarde de este jueves en la colonia Monte Alb\u00e1n, del municipio de Oaxaca de Ju\u00e1rez.<\/p>\n<p style=\"font-weight: 400; text-align: justify;\">Luego de tener conocimiento del caso, la FGEO intervino a trav\u00e9s de la Fiscal\u00eda Especializada para la Atenci\u00f3n a Delitos de Alto Impacto, misma que despleg\u00f3 a un equipo multidisciplinario encargado de realizar las primeras diligencias como parte de las indagatorias por este delito.<\/p>\n<p style=\"font-weight: 400; text-align: justify;\">La agresi\u00f3n sucedi\u00f3 en la Carretera Antigua a Monte Alb\u00e1n, en la Agencia Municipal de San Mart\u00edn Mexicapan de la capital de la entidad, donde localizaron el cuerpo de una persona del sexo masculino, que fue trasladado a las instalaciones del Instituto de Ciencias Forenses de la Fiscal\u00eda, donde permanece en calidad de desconocido.<\/p>\n<p style=\"font-weight: 400; text-align: justify;\">En la escena del crimen, personal de la Fiscal\u00eda realiz\u00f3 tambi\u00e9n el aseguramiento de indicios, entre ellos, casquillos percutidos, as\u00ed como una motocicleta.<\/p>\n<p style=\"font-weight: 400; text-align: justify;\">La Fiscal\u00eda de Oaxaca cuenta con equipo tecnol\u00f3gico y un equipo especializado que se enfoca en la resoluci\u00f3n de casos de alto impacto como parte de las labores que se hacen en el proceso de procuraci\u00f3n de justicia, con el objetivo de garantizar la paz social en la entidad.<\/p>\n","protected":false},"author":1,"featured_media":3175,"comment_status":"closed","ping_status":"closed","template":"","tags":[],"categoria_noticias":[],"class_list":["post-15767","noticias","type-noticias","status-publish","has-post-thumbnail","hentry"],"acf":[],"mb":[],"mfb_rest_fields":["title","gutenberg_elementor_mode"],"_links":{"self":[{"href":"https:\/\/portal.fgeo.gob.mx\/index.php\/wp-json\/wp\/v2\/noticias\/15767","targetHints":{"allow":["GET"]}}],"collection":[{"href":"https:\/\/portal.fgeo.gob.mx\/index.php\/wp-json\/wp\/v2\/noticias"}],"about":[{"href":"https:\/\/portal.fgeo.gob.mx\/index.php\/wp-json\/wp\/v2\/types\/noticias"}],"author":[{"embeddable":true,"href":"https:\/\/portal.fgeo.gob.mx\/index.php\/wp-json\/wp\/v2\/users\/1"}],"replies":[{"embeddable":true,"href":"https:\/\/portal.fgeo.gob.mx\/index.php\/wp-json\/wp\/v2\/comments?post=15767"}],"wp:featuredmedia":[{"embeddable":true,"href":"https:\/\/portal.fgeo.gob.mx\/index.php\/wp-json\/"}],"wp:attachment":[{"href":"https:\/\/portal.fgeo.gob.mx\/index.php\/wp-json\/wp\/v2\/media?parent=15767"}],"wp:term":[{"taxonomy":"post_tag","embeddable":true,"href":"https:\/\/portal.fgeo.gob.mx\/index.php\/wp-json\/wp\/v2\/tags?post=15767"},{"taxonomy":"categoria_noticias","embeddable":true,"href":"https:\/\/portal.fgeo.gob.mx\/index.php\/wp-json\/wp\/v2\/categoria_noticias?post=15767"}],"curies":[{"name":"wp","href":"https:\/\/api.w.org\/{rel}","templated":true}]}}