{"id":15766,"date":"2023-07-27T16:56:27","date_gmt":"2023-07-27T22:56:27","guid":{"rendered":"http:\/\/fge.oaxaca.gob.mx\/?post_type=noticias&amp;p=5211"},"modified":"2023-07-27T16:56:27","modified_gmt":"2023-07-27T22:56:27","slug":"logra-fgeo-una-sentencia-y-una-vinculacion-a-proceso-por-violencia-familiar","status":"publish","type":"noticias","link":"https:\/\/portal.fgeo.gob.mx\/index.php\/archivos\/noticias\/logra-fgeo-una-sentencia-y-una-vinculacion-a-proceso-por-violencia-familiar","title":{"rendered":"Logra FGEO una sentencia y una vinculaci\u00f3n a proceso por violencia familiar"},"content":{"rendered":"<p style=\"font-weight: 400; text-align: justify;\"><strong>Oaxaca de Ju\u00e1rez, Oax., a 27 de julio de 2023.-\u00a0\u00a0<\/strong>Como resultado del trabajo que realiza la Fiscal\u00eda General del Estado de Oaxaca (FGEO), a trav\u00e9s de la Fiscal\u00eda Especializada para la Atenci\u00f3n a Delitos Contra la Mujer por Raz\u00f3n de G\u00e9nero, se obtuvo una sentencia condenatoria y la vinculaci\u00f3n a proceso en dos casos diferentes por el delito de Violencia Familiar, por hechos ocurridos en la regi\u00f3n de los Valles Centrales.<\/p>\n<p style=\"font-weight: 400; text-align: justify;\">El primer hecho ocurri\u00f3 el 15 de julio de 2022, al interior de un domicilio particular localizado en la colonia Libertad de la ciudad de Oaxaca de Ju\u00e1rez, donde la v\u00edctima fue agredida por J. G. S. o J. M. G. S., persona del sexo masculino con quien hab\u00eda sostenido una relaci\u00f3n sentimental.<\/p>\n<p style=\"font-weight: 400; text-align: justify;\">Luego de empujar violentamente a la v\u00edctima, el imputado sali\u00f3 de la casa donde ocurrieron los hechos, pero la mujer solicit\u00f3 ayuda a los n\u00fameros de emergencia, en respuesta, enviaron a elementos de la polic\u00eda que detuvieron al ahora sentenciado.<\/p>\n<p style=\"font-weight: 400; text-align: justify;\">La FGEO realiz\u00f3 una investigaci\u00f3n al respecto y present\u00f3 los resultados ante el Juez que atiende la causa, quien luego de evaluar la pruebas, dict\u00f3 sentencia condenatoria de tres a\u00f1os de prisi\u00f3n en contra de J. G. S. o J. M. G. S., tambi\u00e9n impuso el pago de una multa y la reparaci\u00f3n del da\u00f1o, adem\u00e1s que el responsable de Violencia Familiar est\u00e1 obligado a cumplir con un tratamiento especializado en reeducaci\u00f3n para hombres que ejercen violencia contra la mujer.<\/p>\n<p style=\"font-weight: 400; text-align: justify;\">El segundo caso sucedi\u00f3 entre julio de 2022 y febrero de 2023, cuando la v\u00edctima decidi\u00f3 terminar la relaci\u00f3n de convivencia que sosten\u00eda con U. M. C.<\/p>\n<p style=\"font-weight: 400; text-align: justify;\">Sin embargo, de acuerdo con la denuncia presentada, el acoso y agresiones continuaron, hasta que el 21 de julio de 2023, ella se encontraba en frente de la iglesia cat\u00f3lica del municipio de San Antonio de la Cal y sufri\u00f3 una agresi\u00f3n f\u00edsica en la que fue golpeada en el rostro, por lo que personas que atestiguaron los hechos, intervinieron para ayudarle y luego solicitaron la acci\u00f3n de la polic\u00eda municipal, ante lo cual, elementos de esta corporaci\u00f3n detuvieron al imputado.<\/p>\n<p style=\"font-weight: 400; text-align: justify;\">Luego de realizar actos de investigaci\u00f3n, la FGEO present\u00f3 las pruebas suficientes que permitieron que el Juez que atiende la causa dictara auto de vinculaci\u00f3n a proceso en contra de U. M. C., a quien, adem\u00e1s, le fue impuesta prisi\u00f3n preventiva como medida cautelar y se concedi\u00f3 dos meses para el cierre de la investigaci\u00f3n.<\/p>\n<p style=\"font-weight: 400; text-align: justify;\">La Fiscal\u00eda de Oaxaca, al recibir denuncias por violencia familiar, realiza los trabajos de investigaci\u00f3n con perspectiva de g\u00e9nero para que las v\u00edctimas directas e indirectas tengan acompa\u00f1amiento integral y accedan plenamente a la justicia.<\/p>\n","protected":false},"author":1,"featured_media":3175,"comment_status":"closed","ping_status":"closed","template":"","tags":[],"categoria_noticias":[],"class_list":["post-15766","noticias","type-noticias","status-publish","has-post-thumbnail","hentry"],"acf":[],"mb":[],"mfb_rest_fields":["title","gutenberg_elementor_mode"],"_links":{"self":[{"href":"https:\/\/portal.fgeo.gob.mx\/index.php\/wp-json\/wp\/v2\/noticias\/15766","targetHints":{"allow":["GET"]}}],"collection":[{"href":"https:\/\/portal.fgeo.gob.mx\/index.php\/wp-json\/wp\/v2\/noticias"}],"about":[{"href":"https:\/\/portal.fgeo.gob.mx\/index.php\/wp-json\/wp\/v2\/types\/noticias"}],"author":[{"embeddable":true,"href":"https:\/\/portal.fgeo.gob.mx\/index.php\/wp-json\/wp\/v2\/users\/1"}],"replies":[{"embeddable":true,"href":"https:\/\/portal.fgeo.gob.mx\/index.php\/wp-json\/wp\/v2\/comments?post=15766"}],"wp:featuredmedia":[{"embeddable":true,"href":"https:\/\/portal.fgeo.gob.mx\/index.php\/wp-json\/"}],"wp:attachment":[{"href":"https:\/\/portal.fgeo.gob.mx\/index.php\/wp-json\/wp\/v2\/media?parent=15766"}],"wp:term":[{"taxonomy":"post_tag","embeddable":true,"href":"https:\/\/portal.fgeo.gob.mx\/index.php\/wp-json\/wp\/v2\/tags?post=15766"},{"taxonomy":"categoria_noticias","embeddable":true,"href":"https:\/\/portal.fgeo.gob.mx\/index.php\/wp-json\/wp\/v2\/categoria_noticias?post=15766"}],"curies":[{"name":"wp","href":"https:\/\/api.w.org\/{rel}","templated":true}]}}