{"id":15765,"date":"2023-07-27T15:22:56","date_gmt":"2023-07-27T21:22:56","guid":{"rendered":"http:\/\/fge.oaxaca.gob.mx\/?post_type=noticias&amp;p=5210"},"modified":"2023-07-27T15:22:56","modified_gmt":"2023-07-27T21:22:56","slug":"fiscalia-de-oaxaca-en-colaboracion-con-fiscalia-de-puebla-detienen-a-imputado-por-secuestro-en-el-estado-vecino","status":"publish","type":"noticias","link":"https:\/\/portal.fgeo.gob.mx\/index.php\/archivos\/noticias\/fiscalia-de-oaxaca-en-colaboracion-con-fiscalia-de-puebla-detienen-a-imputado-por-secuestro-en-el-estado-vecino","title":{"rendered":"Fiscal\u00eda de Oaxaca, en colaboraci\u00f3n con Fiscal\u00eda de Puebla, detienen a imputado por secuestro en el estado vecino"},"content":{"rendered":"<p style=\"font-weight: 400; text-align: justify;\"><strong>Oaxaca de Ju\u00e1rez, Oax., a 27 de julio de 2023.-\u00a0<\/strong>La colaboraci\u00f3n interinstitucional en los trabajos de procuraci\u00f3n de justicia, hizo posible que la Fiscal\u00eda General del Estado de Oaxaca (FGEO) realiz\u00f3 la captura y, en conjunto con la Fiscal\u00eda General del Estado de Puebla, se ejecut\u00f3 una orden de aprehensi\u00f3n en contra de J.M.P. o P.R.C., alias La Marchanta o El Alcohol, por los delitos de Secuestro y Asociaci\u00f3n Delictuosa.<\/p>\n<p style=\"font-weight: 400; text-align: justify;\">Luego de recibir un oficio de colaboraci\u00f3n de la Fiscal\u00eda de Puebla, la FGEO remiti\u00f3 dichas labores a la Unidad Policial Especializada en Combate al Secuestro, la cual realiz\u00f3 los trabajos necesarios con los que se estableci\u00f3 el paradero del imputado.<\/p>\n<p style=\"font-weight: 400; text-align: justify;\">Con esta informaci\u00f3n, elementos de la Agencia Estatal de Investigaciones (AEI) de la Fiscal\u00eda de Oaxaca, este 26 de julio desplegaron un operativo en inmediaciones del municipio de Santiago Juxtlahuaca en la regi\u00f3n de la Mixteca, en el que se logr\u00f3 la detenci\u00f3n de \u201cLa Marchanta o El Alcohol\u201d.<\/p>\n<p style=\"font-weight: 400; text-align: justify;\">Al imputado se le comunicaron los motivos de su detenci\u00f3n, derivada de un mandato judicial emitido por el Juez de lo Civil y de lo Penal del Distrito Judicial de Iz\u00facar de Matamoros, en Puebla.<\/p>\n<p style=\"font-weight: 400; text-align: justify;\">La captura se realiz\u00f3 respetando en todo momento los Derechos Humanos consagrados en los Tratados Internacionales, Constituci\u00f3n Pol\u00edtica de los Estados Unidos Mexicanos y C\u00f3digo Nacional de Procedimientos Penales, mientras que el imputado qued\u00f3 a la espera de ser trasladado al estado de Puebla para que sea presentado ante las autoridades que lo requirieron.<\/p>\n<p style=\"font-weight: 400; text-align: justify;\">Los trabajos de colaboraci\u00f3n que realiza la Fiscal\u00eda de Oaxaca con Fiscal\u00edas de otras entidades federativas se traducen en acciones asertivas para que las v\u00edctimas tengan pleno acceso a la justicia y la reparaci\u00f3n del da\u00f1o.<\/p>\n","protected":false},"author":1,"featured_media":3175,"comment_status":"closed","ping_status":"closed","template":"","tags":[],"categoria_noticias":[],"class_list":["post-15765","noticias","type-noticias","status-publish","has-post-thumbnail","hentry"],"acf":[],"mb":[],"mfb_rest_fields":["title","gutenberg_elementor_mode"],"_links":{"self":[{"href":"https:\/\/portal.fgeo.gob.mx\/index.php\/wp-json\/wp\/v2\/noticias\/15765","targetHints":{"allow":["GET"]}}],"collection":[{"href":"https:\/\/portal.fgeo.gob.mx\/index.php\/wp-json\/wp\/v2\/noticias"}],"about":[{"href":"https:\/\/portal.fgeo.gob.mx\/index.php\/wp-json\/wp\/v2\/types\/noticias"}],"author":[{"embeddable":true,"href":"https:\/\/portal.fgeo.gob.mx\/index.php\/wp-json\/wp\/v2\/users\/1"}],"replies":[{"embeddable":true,"href":"https:\/\/portal.fgeo.gob.mx\/index.php\/wp-json\/wp\/v2\/comments?post=15765"}],"wp:featuredmedia":[{"embeddable":true,"href":"https:\/\/portal.fgeo.gob.mx\/index.php\/wp-json\/"}],"wp:attachment":[{"href":"https:\/\/portal.fgeo.gob.mx\/index.php\/wp-json\/wp\/v2\/media?parent=15765"}],"wp:term":[{"taxonomy":"post_tag","embeddable":true,"href":"https:\/\/portal.fgeo.gob.mx\/index.php\/wp-json\/wp\/v2\/tags?post=15765"},{"taxonomy":"categoria_noticias","embeddable":true,"href":"https:\/\/portal.fgeo.gob.mx\/index.php\/wp-json\/wp\/v2\/categoria_noticias?post=15765"}],"curies":[{"name":"wp","href":"https:\/\/api.w.org\/{rel}","templated":true}]}}