{"id":15763,"date":"2023-07-26T13:57:50","date_gmt":"2023-07-26T19:57:50","guid":{"rendered":"http:\/\/fge.oaxaca.gob.mx\/?post_type=noticias&amp;p=5208"},"modified":"2023-07-26T13:57:50","modified_gmt":"2023-07-26T19:57:50","slug":"a-prision-y-vinculadas-a-proceso-tres-personas-por-tentativa-de-feminicidio-y-tentativa-de-homicidio-delitos-cometidos-en-ejutla-fgeo","status":"publish","type":"noticias","link":"https:\/\/portal.fgeo.gob.mx\/index.php\/archivos\/noticias\/a-prision-y-vinculadas-a-proceso-tres-personas-por-tentativa-de-feminicidio-y-tentativa-de-homicidio-delitos-cometidos-en-ejutla-fgeo","title":{"rendered":"A prisi\u00f3n y vinculadas a proceso, tres personas por tentativa de feminicidio y tentativa de homicidio, delitos cometidos en Ejutla: FGEO"},"content":{"rendered":"<p style=\"font-weight: 400; text-align: justify;\"><strong>Oaxaca de Ju\u00e1rez, Oax., a 26 de julio de 2023.-\u00a0\u00a0<\/strong>La Fiscal\u00eda General del Estado de Oaxaca (FGEO) obtuvo auto de vinculaci\u00f3n a proceso contra tres personas del sexo masculino, por los delitos de Feminicidio Agravado en Grado de Tentativa y Homicidio Calificado en Grado de Tentativa, en contra de E.P.S., A.P.S y A.P.S,\u00a0 hechos ocurridos en el municipio de San Mart\u00edn de los Cansecos, en agravio de la v\u00edctima de iniciales M.G.P.<\/p>\n<p style=\"font-weight: 400; text-align: justify;\">De acuerdo con la causa penal 754\/2023, los hechos ocurrieron dentro de un domicilio particular localizado en la colonia Benito Ju\u00e1rez, donde la v\u00edctima sufri\u00f3 una agresi\u00f3n que puso en riesgo su vida.<\/p>\n<p style=\"font-weight: 400; text-align: justify;\">Ante estos hechos y tras la denuncia presentada, la Instituci\u00f3n de Procuraci\u00f3n de Justicia, inici\u00f3 una exhaustiva investigaci\u00f3n, a trav\u00e9s de la Fiscal\u00eda Especializada en Atenci\u00f3n a Delitos contra la Mujer por Raz\u00f3n de G\u00e9nero.<\/p>\n<p style=\"font-weight: 400; text-align: justify;\">Derivado de lo anterior, los imputados fueron aprehendidos por elementos de la Agencia Estatal de Investigaci\u00f3n (AEI) de Ejutla de Crespo, por lo que enseguida fueron presentados ante la autoridad judicial que los requiri\u00f3.<\/p>\n<p style=\"font-weight: 400; text-align: justify;\">En audiencia, el Juez de Control dict\u00f3 Auto de Vinculaci\u00f3n a proceso en contra de E.P.S., A.P.S y A.P.S. imponiendo la medida cautelar de prisi\u00f3n preventiva justificada y otorgando cuatro meses para el cierre de investigaci\u00f3n complementaria.<\/p>\n<p style=\"font-weight: 400; text-align: justify;\">La Fiscal\u00eda General reitera en los hechos, su compromiso de llevar ante la Justicia a todo aquel que vulnere los derechos y la integridad de ni\u00f1as, ni\u00f1os, adolescentes y mujeres.<\/p>\n","protected":false},"author":1,"featured_media":3175,"comment_status":"closed","ping_status":"closed","template":"","tags":[],"categoria_noticias":[],"class_list":["post-15763","noticias","type-noticias","status-publish","has-post-thumbnail","hentry"],"acf":[],"mb":[],"mfb_rest_fields":["title","gutenberg_elementor_mode"],"_links":{"self":[{"href":"https:\/\/portal.fgeo.gob.mx\/index.php\/wp-json\/wp\/v2\/noticias\/15763","targetHints":{"allow":["GET"]}}],"collection":[{"href":"https:\/\/portal.fgeo.gob.mx\/index.php\/wp-json\/wp\/v2\/noticias"}],"about":[{"href":"https:\/\/portal.fgeo.gob.mx\/index.php\/wp-json\/wp\/v2\/types\/noticias"}],"author":[{"embeddable":true,"href":"https:\/\/portal.fgeo.gob.mx\/index.php\/wp-json\/wp\/v2\/users\/1"}],"replies":[{"embeddable":true,"href":"https:\/\/portal.fgeo.gob.mx\/index.php\/wp-json\/wp\/v2\/comments?post=15763"}],"wp:featuredmedia":[{"embeddable":true,"href":"https:\/\/portal.fgeo.gob.mx\/index.php\/wp-json\/"}],"wp:attachment":[{"href":"https:\/\/portal.fgeo.gob.mx\/index.php\/wp-json\/wp\/v2\/media?parent=15763"}],"wp:term":[{"taxonomy":"post_tag","embeddable":true,"href":"https:\/\/portal.fgeo.gob.mx\/index.php\/wp-json\/wp\/v2\/tags?post=15763"},{"taxonomy":"categoria_noticias","embeddable":true,"href":"https:\/\/portal.fgeo.gob.mx\/index.php\/wp-json\/wp\/v2\/categoria_noticias?post=15763"}],"curies":[{"name":"wp","href":"https:\/\/api.w.org\/{rel}","templated":true}]}}