{"id":15761,"date":"2023-07-25T13:17:50","date_gmt":"2023-07-25T19:17:50","guid":{"rendered":"http:\/\/fge.oaxaca.gob.mx\/?post_type=noticias&amp;p=5206"},"modified":"2023-07-25T13:17:50","modified_gmt":"2023-07-25T19:17:50","slug":"fiscalia-de-oaxaca-obtiene-sentencia-de-210-anos-de-prision-contra-responsables-de-homicidio-de-tres-policias-municipales-del-istmo-de-tehuantepec","status":"publish","type":"noticias","link":"https:\/\/portal.fgeo.gob.mx\/index.php\/archivos\/noticias\/fiscalia-de-oaxaca-obtiene-sentencia-de-210-anos-de-prision-contra-responsables-de-homicidio-de-tres-policias-municipales-del-istmo-de-tehuantepec","title":{"rendered":"Fiscal\u00eda de Oaxaca obtiene sentencia de 210 a\u00f1os de prisi\u00f3n contra responsables de homicidio de tres polic\u00edas municipales del Istmo de Tehuantepec"},"content":{"rendered":"<p style=\"font-weight: 400; text-align: justify;\"><strong>Oaxaca de Ju\u00e1rez, Oax., a 25 de julio de 2023.-\u00a0\u00a0<\/strong>La Fiscal\u00eda General del Estado de Oaxaca (FGEO) obtuvo una sentencia condenatoria de 210 a\u00f1os de prisi\u00f3n en contra de cuatro personas del sexo masculino, por su responsabilidad en la comisi\u00f3n de los delitos de Homicidio Calificado y Tentativa de Homicidio, en agravio de elementos activos de la Polic\u00eda Municipal de San Francisco del Mar, a los que se suma el de Da\u00f1os por Incendio.<\/p>\n<p style=\"font-weight: 400; text-align: justify;\">Esta sentencia se obtuvo como resultado del trabajo realizado por la Vicefiscal\u00eda Regional del Istmo, en torno a los hechos ocurridos el 4 de julio de 2022, cuando una patrulla de la polic\u00eda municipal realizaba recorridos de vigilancia por calles del municipio de San Francisco del Mar.<\/p>\n<p style=\"font-weight: 400; text-align: justify;\">Repentinamente, los uniformados fueron interceptados por un grupo de ciudadanos, quienes los retuvieron y trasladaron -junto con la patrulla- al paraje conocido como Playa Vicente, donde dispararon contra los polic\u00edas.<\/p>\n<p style=\"font-weight: 400; text-align: justify;\">A consecuencia de esta agresi\u00f3n, perdieron la vida los elementos identificados por las iniciales J. V. M., R. I. J. P. y A. G. J.; mientras que E. V. O. result\u00f3 con lesiones provocadas por arma de fuego. En tanto que, los sentenciados se llevaron la patrulla hasta la carretera estatal que conduce de San Francisco del Mar a Puerto Estero, en donde le prendieron fuego, provocando que la unidad de motor quedara calcinada.<\/p>\n<p style=\"font-weight: 400; text-align: justify;\">Ante estos hechos, la Vicefiscal\u00eda Regional del Istmo tom\u00f3 conocimiento del caso e intervino a trav\u00e9s del \u00e1rea de Alto Impacto, la cual realiz\u00f3 las investigaciones que permitieron procesar a cuatro imputados.<\/p>\n<p style=\"font-weight: 400; text-align: justify;\">Tras presentar las pruebas suficientes ante el Juez que atiende la causa, \u00e9ste dict\u00f3 sentencia condenatoria contra A.F.N., C.F.N., J.G.G. y F.O.M.R., imponiendo la pena de 210 a\u00f1os de prisi\u00f3n, adem\u00e1s del pago superior a un mill\u00f3n 443 mil pesos por concepto de reparaci\u00f3n del da\u00f1o.<\/p>\n<p style=\"font-weight: 400; text-align: justify;\">La Fiscal\u00eda de Oaxaca pone especial atenci\u00f3n en la investigaci\u00f3n de delitos que ponen en riesgo la paz social en las diferentes regiones del estado, para garantizar la seguridad de la ciudadan\u00eda.<\/p>\n","protected":false},"author":1,"featured_media":3175,"comment_status":"closed","ping_status":"closed","template":"","tags":[],"categoria_noticias":[],"class_list":["post-15761","noticias","type-noticias","status-publish","has-post-thumbnail","hentry"],"acf":[],"mb":[],"mfb_rest_fields":["title","gutenberg_elementor_mode"],"_links":{"self":[{"href":"https:\/\/portal.fgeo.gob.mx\/index.php\/wp-json\/wp\/v2\/noticias\/15761","targetHints":{"allow":["GET"]}}],"collection":[{"href":"https:\/\/portal.fgeo.gob.mx\/index.php\/wp-json\/wp\/v2\/noticias"}],"about":[{"href":"https:\/\/portal.fgeo.gob.mx\/index.php\/wp-json\/wp\/v2\/types\/noticias"}],"author":[{"embeddable":true,"href":"https:\/\/portal.fgeo.gob.mx\/index.php\/wp-json\/wp\/v2\/users\/1"}],"replies":[{"embeddable":true,"href":"https:\/\/portal.fgeo.gob.mx\/index.php\/wp-json\/wp\/v2\/comments?post=15761"}],"wp:featuredmedia":[{"embeddable":true,"href":"https:\/\/portal.fgeo.gob.mx\/index.php\/wp-json\/"}],"wp:attachment":[{"href":"https:\/\/portal.fgeo.gob.mx\/index.php\/wp-json\/wp\/v2\/media?parent=15761"}],"wp:term":[{"taxonomy":"post_tag","embeddable":true,"href":"https:\/\/portal.fgeo.gob.mx\/index.php\/wp-json\/wp\/v2\/tags?post=15761"},{"taxonomy":"categoria_noticias","embeddable":true,"href":"https:\/\/portal.fgeo.gob.mx\/index.php\/wp-json\/wp\/v2\/categoria_noticias?post=15761"}],"curies":[{"name":"wp","href":"https:\/\/api.w.org\/{rel}","templated":true}]}}