{"id":15760,"date":"2023-07-23T13:31:20","date_gmt":"2023-07-23T19:31:20","guid":{"rendered":"http:\/\/fge.oaxaca.gob.mx\/?post_type=noticias&amp;p=5205"},"modified":"2023-07-23T13:31:20","modified_gmt":"2023-07-23T19:31:20","slug":"firma-convenio-de-colaboracion-fgeo-con-la-benemerita-universidad-de-oaxaca","status":"publish","type":"noticias","link":"https:\/\/portal.fgeo.gob.mx\/index.php\/archivos\/noticias\/firma-convenio-de-colaboracion-fgeo-con-la-benemerita-universidad-de-oaxaca","title":{"rendered":"Firma convenio de colaboraci\u00f3n FGEO con la Benem\u00e9rita Universidad de Oaxaca"},"content":{"rendered":"<p style=\"font-weight: 400; text-align: justify;\"><strong>Oaxaca de Ju\u00e1rez, Oax., a 23 de julio de 2023.-\u00a0<\/strong>Al firmar un convenio de colaboraci\u00f3n entre la Fiscal\u00eda General del Estado de Oaxaca y la Benem\u00e9rita Universidad de Oaxaca (BUO), el titular de la FGEO, Bernardo Rodr\u00edguez Alamilla resalt\u00f3 que la reingenier\u00eda que se realiza en la instituci\u00f3n tiene entre sus ejes prioritarios la capacitaci\u00f3n del personal, como una pol\u00edtica p\u00fablica para hacer eficientes los procesos de procuraci\u00f3n de justicia.<\/p>\n<p style=\"font-weight: 400; text-align: justify;\">Acompa\u00f1ado por el rector de la BUO, David Zabdiel Mart\u00ednez P\u00e9rez; la directora General de Licenciaturas y Posgrados, Adabelia Pel\u00e1ez Garc\u00eda; el coordinador acad\u00e9mico de Posgrados y Coordinador del Doctorado en Derecho, Juan G\u00f3mez P\u00e9rez; el Fiscal General puntualiz\u00f3 que este tipo de alianzas incentivan los procesos formativos de la plantilla laboral.<\/p>\n<p style=\"font-weight: 400; text-align: justify;\">Por lo cual, reiter\u00f3, es necesario fortalecer el capital humano y potenciar las capacidades que tienen, y esto se consigue por medio de la actualizaci\u00f3n, pues es indispensable, especialmente en \u00e1reas como la perspectiva victimol\u00f3gica, de g\u00e9nero y derechos humanos.<\/p>\n<p style=\"font-weight: 400; text-align: justify;\">Por su parte, el rector de la Benem\u00e9rita Universidad de Oaxaca apunt\u00f3 que, a trav\u00e9s del acuerdo se busca contribuir al fortalecimiento de los procesos de procuraci\u00f3n de justicia, por ello, a trav\u00e9s de sus 180 programas educativos -entre los que se encuentran maestr\u00edas, doctorados y diplomados-, coadyuvar\u00e1 a la capacitaci\u00f3n del personal de la Fiscal\u00eda General del Estado.<\/p>\n<p style=\"font-weight: 400; text-align: justify;\">Adem\u00e1s, reconoci\u00f3 la apertura de la instituci\u00f3n para que se realice este proceso de colaboraci\u00f3n con el que la Benem\u00e9rita Universidad de Oaxaca, espera aportar a la construcci\u00f3n de una sociedad m\u00e1s justa.<\/p>\n<p style=\"font-weight: 400; text-align: justify;\">El objetivo de la firma de este convenio consiste en establecer mecanismos operativos que permitan la realizaci\u00f3n de diplomados, posgrados, maestr\u00edas y doctorados por parte del personal del organismo, as\u00ed como sus familias.<\/p>\n","protected":false},"author":1,"featured_media":3175,"comment_status":"closed","ping_status":"closed","template":"","tags":[],"categoria_noticias":[],"class_list":["post-15760","noticias","type-noticias","status-publish","has-post-thumbnail","hentry"],"acf":[],"mb":[],"mfb_rest_fields":["title","gutenberg_elementor_mode"],"_links":{"self":[{"href":"https:\/\/portal.fgeo.gob.mx\/index.php\/wp-json\/wp\/v2\/noticias\/15760","targetHints":{"allow":["GET"]}}],"collection":[{"href":"https:\/\/portal.fgeo.gob.mx\/index.php\/wp-json\/wp\/v2\/noticias"}],"about":[{"href":"https:\/\/portal.fgeo.gob.mx\/index.php\/wp-json\/wp\/v2\/types\/noticias"}],"author":[{"embeddable":true,"href":"https:\/\/portal.fgeo.gob.mx\/index.php\/wp-json\/wp\/v2\/users\/1"}],"replies":[{"embeddable":true,"href":"https:\/\/portal.fgeo.gob.mx\/index.php\/wp-json\/wp\/v2\/comments?post=15760"}],"wp:featuredmedia":[{"embeddable":true,"href":"https:\/\/portal.fgeo.gob.mx\/index.php\/wp-json\/"}],"wp:attachment":[{"href":"https:\/\/portal.fgeo.gob.mx\/index.php\/wp-json\/wp\/v2\/media?parent=15760"}],"wp:term":[{"taxonomy":"post_tag","embeddable":true,"href":"https:\/\/portal.fgeo.gob.mx\/index.php\/wp-json\/wp\/v2\/tags?post=15760"},{"taxonomy":"categoria_noticias","embeddable":true,"href":"https:\/\/portal.fgeo.gob.mx\/index.php\/wp-json\/wp\/v2\/categoria_noticias?post=15760"}],"curies":[{"name":"wp","href":"https:\/\/api.w.org\/{rel}","templated":true}]}}