{"id":15758,"date":"2023-07-21T20:58:17","date_gmt":"2023-07-22T02:58:17","guid":{"rendered":"http:\/\/fge.oaxaca.gob.mx\/?post_type=noticias&amp;p=5202"},"modified":"2023-07-21T20:58:17","modified_gmt":"2023-07-22T02:58:17","slug":"investiga-fiscalia-de-oaxaca-explosion-de-artefacto-en-pizzeria-del-istmo","status":"publish","type":"noticias","link":"https:\/\/portal.fgeo.gob.mx\/index.php\/archivos\/noticias\/investiga-fiscalia-de-oaxaca-explosion-de-artefacto-en-pizzeria-del-istmo","title":{"rendered":"Investiga Fiscal\u00eda de Oaxaca explosi\u00f3n de artefacto en pizzer\u00eda del Istmo"},"content":{"rendered":"<p style=\"font-weight: 400; text-align: justify;\"><strong>Oaxaca de Ju\u00e1rez, Oax., a 21 de julio de 2023.-\u00a0\u00a0<\/strong>La Fiscal\u00eda General del Estado de Oaxaca (FGEO) inici\u00f3 una investigaci\u00f3n por la explosi\u00f3n de un artefacto en una pizzer\u00eda ubicada en la calle 16 de Septiembre, entre avenida Miguel Hidalgo e Ignacio Aldama, zona Centro, de la ciudad de Juchit\u00e1n de Zaragoza.<\/p>\n<p style=\"font-weight: 400; text-align: justify;\">De acuerdo con las primeras investigaciones, dos personas a bordo de una motocicleta habr\u00edan lanzado el explosivo -que se encuentra bajo investigaci\u00f3n de la Secretar\u00eda de la Defensa Nacional (Sedena)- contra el local comercial, causando lesiones menores en dos personas (un hombre y una mujer), as\u00ed como da\u00f1os en la propiedad.<\/p>\n<p style=\"font-weight: 400; text-align: justify;\">Ante ello, personal de la Agencia Estatal de Investigaciones, peritos en distintas especialidades, as\u00ed como elementos del Ej\u00e9rcito Nacional acudieron al lugar de los hechos para llevar a cabo las diligencias correspondientes.<\/p>\n<p style=\"font-weight: 400; text-align: justify;\">Hechos como los ocurridos la tarde de este viernes en Juchit\u00e1n son investigados de manera exhaustiva por parte de la FGEO, para dar con los responsables y procurar justicia, evitando as\u00ed la impunidad.<\/p>\n<p style=\"font-weight: 400; text-align: justify;\">La Fiscal\u00eda de Oaxaca solicitar\u00e1 de manera inmediata a las autoridades federales, estatales y municipales un programa de intervenci\u00f3n conjunta que permita el reforzamiento de acciones de vigilancia para prevenir hechos delictivos en la zona.<\/p>\n","protected":false},"author":1,"featured_media":3175,"comment_status":"closed","ping_status":"closed","template":"","tags":[],"categoria_noticias":[],"class_list":["post-15758","noticias","type-noticias","status-publish","has-post-thumbnail","hentry"],"acf":[],"mb":[],"mfb_rest_fields":["title","gutenberg_elementor_mode"],"_links":{"self":[{"href":"https:\/\/portal.fgeo.gob.mx\/index.php\/wp-json\/wp\/v2\/noticias\/15758","targetHints":{"allow":["GET"]}}],"collection":[{"href":"https:\/\/portal.fgeo.gob.mx\/index.php\/wp-json\/wp\/v2\/noticias"}],"about":[{"href":"https:\/\/portal.fgeo.gob.mx\/index.php\/wp-json\/wp\/v2\/types\/noticias"}],"author":[{"embeddable":true,"href":"https:\/\/portal.fgeo.gob.mx\/index.php\/wp-json\/wp\/v2\/users\/1"}],"replies":[{"embeddable":true,"href":"https:\/\/portal.fgeo.gob.mx\/index.php\/wp-json\/wp\/v2\/comments?post=15758"}],"wp:featuredmedia":[{"embeddable":true,"href":"https:\/\/portal.fgeo.gob.mx\/index.php\/wp-json\/"}],"wp:attachment":[{"href":"https:\/\/portal.fgeo.gob.mx\/index.php\/wp-json\/wp\/v2\/media?parent=15758"}],"wp:term":[{"taxonomy":"post_tag","embeddable":true,"href":"https:\/\/portal.fgeo.gob.mx\/index.php\/wp-json\/wp\/v2\/tags?post=15758"},{"taxonomy":"categoria_noticias","embeddable":true,"href":"https:\/\/portal.fgeo.gob.mx\/index.php\/wp-json\/wp\/v2\/categoria_noticias?post=15758"}],"curies":[{"name":"wp","href":"https:\/\/api.w.org\/{rel}","templated":true}]}}