{"id":15755,"date":"2023-07-20T17:56:34","date_gmt":"2023-07-20T23:56:34","guid":{"rendered":"http:\/\/fge.oaxaca.gob.mx\/?post_type=noticias&amp;p=5199"},"modified":"2023-07-20T17:56:34","modified_gmt":"2023-07-20T23:56:34","slug":"vicefiscalia-de-la-costa-obtiene-cuatro-vinculaciones-a-proceso-por-diferentes-delitos-fgeo","status":"publish","type":"noticias","link":"https:\/\/portal.fgeo.gob.mx\/index.php\/archivos\/noticias\/vicefiscalia-de-la-costa-obtiene-cuatro-vinculaciones-a-proceso-por-diferentes-delitos-fgeo","title":{"rendered":"Vicefiscal\u00eda de la Costa obtiene cuatro vinculaciones a proceso por diferentes delitos, FGEO"},"content":{"rendered":"<p style=\"font-weight: 400; text-align: justify;\"><strong>Oaxaca de Ju\u00e1rez, Oax., a 20 de julio de 2023.-\u00a0\u00a0<\/strong>Las labores de procuraci\u00f3n de justicia a favor de las v\u00edctimas que realiza la Fiscal\u00eda General del Estado de Oaxaca (FGEO), a trav\u00e9s de la Vicefiscal\u00eda Regional de la Costa, permitieron la obtenci\u00f3n de cuatro vinculaciones a proceso contra imputados de diferentes delitos cometidos en dicha regi\u00f3n de la entidad.<\/p>\n<p style=\"font-weight: 400; text-align: justify;\">En el primer caso, los hechos ocurrieron el 13 de julio de 2023 en la carretera principal de la localidad de San Juan y San Pedro Jicay\u00e1n, donde las v\u00edctimas (dos hombres) sufrieron una agresi\u00f3n a machetazos, por la cual resultaron con diversas lesiones.<\/p>\n<p style=\"font-weight: 400; text-align: justify;\">Al tener conocimiento de la situaci\u00f3n, la FGEO realiz\u00f3 las investigaciones que permitieron la ejecuci\u00f3n de una orden de aprehensi\u00f3n contra V. T. M., quien fue presentado ante el Juez que atiende la causa, el cual dict\u00f3 auto de vinculaci\u00f3n a proceso por Lesiones Calificadas, imponiendo prisi\u00f3n preventiva y otorgando tres meses para el cierre de las indagatorias.<\/p>\n<p style=\"font-weight: 400; text-align: justify;\">Mientras que, en el segundo hecho, el Juez que atiende la causa dict\u00f3 auto de vinculaci\u00f3n a proceso contra C. S. D., por el delito de Tentativa de Homicidio, por lo que, como medida cautelar, orden\u00f3 prisi\u00f3n preventiva y concedi\u00f3 tres meses para el cierre de la investigaci\u00f3n.<\/p>\n<p style=\"font-weight: 400; text-align: justify;\">En este caso, los sucesos acontecieron el 11 de julio de 2023, cuando la v\u00edctima result\u00f3 con severas lesiones luego de sufrir una agresi\u00f3n al encontrarse en un domicilio del municipio de Santo Domingo Armenta, tras lo cual, la polic\u00eda municipal logr\u00f3 detener a una persona, quien fue presentada ante la Fiscal\u00eda.<\/p>\n<p style=\"font-weight: 400; text-align: justify;\">La tercera vinculaci\u00f3n a proceso obtenida por la Vicefiscal\u00eda de la Costa corresponde al delito de Abuso Sexual, cometido el 11 de julio de 2023, cuando la v\u00edctima se encontraba en el cuarto de hotel donde se hospedaba en Puerto Escondido.<\/p>\n<p style=\"font-weight: 400; text-align: justify;\">Luego de recibir la denuncia por los hechos, se realizaron las investigaciones por las cuales fue posible detener al imputado, identificado como J. H. M., quien tras ser presentado ante el Juez, qued\u00f3 internado en un centro de readaptaci\u00f3n social, como medida cautelar.<\/p>\n<p style=\"font-weight: 400; text-align: justify;\">El \u00faltimo de los casos sucedi\u00f3 el 13 de julio de 2023, en la carretera principal de San Juan Jicay\u00e1n, donde la v\u00edctima fue agredida con un machete; ante lo cual, personas que atestiguaron el ataque brindaron auxilio.<\/p>\n<p style=\"font-weight: 400; text-align: justify;\">Por estos hechos, la FGEO realiz\u00f3 las investigaciones por las cuales se ejecut\u00f3 una orden de aprehensi\u00f3n en contra de V. T. M., quien fue presentado ante el Juez que atiende la causa, el cual dict\u00f3 auto de vinculaci\u00f3n a proceso en su contra, imponiendo la medida cautelar de prisi\u00f3n preventiva oficiosa y otorg\u00f3 tres meses para el cierre de la investigaci\u00f3n.<\/p>\n<p style=\"font-weight: 400; text-align: justify;\">El fortalecimiento en los trabajos de procuraci\u00f3n de justicia que realiza la Fiscal\u00eda General del Estado de Oaxaca en las diferentes regiones de la entidad, contribuye a la efectividad en los resultados a favor de las v\u00edctimas.<\/p>\n","protected":false},"author":1,"featured_media":3175,"comment_status":"closed","ping_status":"closed","template":"","tags":[],"categoria_noticias":[],"class_list":["post-15755","noticias","type-noticias","status-publish","has-post-thumbnail","hentry"],"acf":[],"mb":[],"mfb_rest_fields":["title","gutenberg_elementor_mode"],"_links":{"self":[{"href":"https:\/\/portal.fgeo.gob.mx\/index.php\/wp-json\/wp\/v2\/noticias\/15755","targetHints":{"allow":["GET"]}}],"collection":[{"href":"https:\/\/portal.fgeo.gob.mx\/index.php\/wp-json\/wp\/v2\/noticias"}],"about":[{"href":"https:\/\/portal.fgeo.gob.mx\/index.php\/wp-json\/wp\/v2\/types\/noticias"}],"author":[{"embeddable":true,"href":"https:\/\/portal.fgeo.gob.mx\/index.php\/wp-json\/wp\/v2\/users\/1"}],"replies":[{"embeddable":true,"href":"https:\/\/portal.fgeo.gob.mx\/index.php\/wp-json\/wp\/v2\/comments?post=15755"}],"wp:featuredmedia":[{"embeddable":true,"href":"https:\/\/portal.fgeo.gob.mx\/index.php\/wp-json\/"}],"wp:attachment":[{"href":"https:\/\/portal.fgeo.gob.mx\/index.php\/wp-json\/wp\/v2\/media?parent=15755"}],"wp:term":[{"taxonomy":"post_tag","embeddable":true,"href":"https:\/\/portal.fgeo.gob.mx\/index.php\/wp-json\/wp\/v2\/tags?post=15755"},{"taxonomy":"categoria_noticias","embeddable":true,"href":"https:\/\/portal.fgeo.gob.mx\/index.php\/wp-json\/wp\/v2\/categoria_noticias?post=15755"}],"curies":[{"name":"wp","href":"https:\/\/api.w.org\/{rel}","templated":true}]}}