{"id":15752,"date":"2023-07-19T17:01:39","date_gmt":"2023-07-19T23:01:39","guid":{"rendered":"http:\/\/fge.oaxaca.gob.mx\/?post_type=noticias&amp;p=5196"},"modified":"2023-07-19T17:01:39","modified_gmt":"2023-07-19T23:01:39","slug":"en-prision-y-vinculado-a-proceso-queda-imputado-por-violacion-a-una-adolescente-cometido-en-la-capital-fiscalia-de-oaxaca","status":"publish","type":"noticias","link":"https:\/\/portal.fgeo.gob.mx\/index.php\/archivos\/noticias\/en-prision-y-vinculado-a-proceso-queda-imputado-por-violacion-a-una-adolescente-cometido-en-la-capital-fiscalia-de-oaxaca","title":{"rendered":"En prisi\u00f3n y vinculado a proceso, queda imputado por violaci\u00f3n a una adolescente cometido en la capital: Fiscal\u00eda de Oaxaca"},"content":{"rendered":"<p style=\"font-weight: 400; text-align: justify;\">Oaxaca de Ju\u00e1rez, Oax., a 19 de julio de 2023.- La Fiscal\u00eda General del Estado de Oaxaca (FGEO) obtuvo auto de vinculaci\u00f3n a proceso en contra de una persona del sexo masculino identificada como E. E. L. A., imputado por el delito de Equiparado a la Violaci\u00f3n cometido en agravio de una adolescente, en el norte de la ciudad de Oaxaca de Ju\u00e1rez, en la regi\u00f3n de los Valles Centrales.<\/p>\n<p style=\"font-weight: 400; text-align: justify;\">Como consta en el expediente penal del caso, los hechos ocurrieron en diferentes fechas de los meses de marzo y abril de 2021, cuando la v\u00edctima ten\u00eda 14 a\u00f1os. De acuerdo con la denuncia, la adolescente sufri\u00f3 las agresiones sexuales en diversos sitios de la colonia Volcanes, en la capital del Estado.<\/p>\n<p style=\"font-weight: 400; text-align: justify;\">Al conocer la situaci\u00f3n, la familia acompa\u00f1\u00f3 a la v\u00edctima a presentar la denuncia correspondiente ante la FGEO, que inici\u00f3 la carpeta de investigaci\u00f3n a trav\u00e9s de la Fiscal\u00eda Especializada para la Atenci\u00f3n a Delitos contra la Mujer por Raz\u00f3n de G\u00e9nero.<\/p>\n<p style=\"font-weight: 400; text-align: justify;\">Luego de obtener los elementos suficientes, se liber\u00f3 la orden de aprehensi\u00f3n que permiti\u00f3 que elementos de la Agencia Estatal de Investigaciones detuvieran a E. E. L. A., por lo que fue presentado ante el Juez que lo requiri\u00f3, quien dict\u00f3 auto de formal prisi\u00f3n en contra del imputado, adem\u00e1s de imponer prisi\u00f3n preventiva como medida cautelar, y fij\u00f3 en tres meses el plazo para el cierre de la investigaci\u00f3n.<\/p>\n<p style=\"font-weight: 400; text-align: justify;\">El delito equiparado a la violaci\u00f3n, es un il\u00edcito previsto y sancionado por el numeral 246, en relaci\u00f3n con lo que establece los art\u00edculos 8, fracci\u00f3n I, 10, fracci\u00f3n I, 11 fracci\u00f3n II, 9 fracci\u00f3n I del C\u00f3digo Penal vigente en el Estado de Oaxaca y concurso real homog\u00e9neo 66 y 68 del mismo ordenamiento penal.<\/p>\n","protected":false},"author":1,"featured_media":3175,"comment_status":"closed","ping_status":"closed","template":"","tags":[],"categoria_noticias":[],"class_list":["post-15752","noticias","type-noticias","status-publish","has-post-thumbnail","hentry"],"acf":[],"mb":[],"mfb_rest_fields":["title","gutenberg_elementor_mode"],"_links":{"self":[{"href":"https:\/\/portal.fgeo.gob.mx\/index.php\/wp-json\/wp\/v2\/noticias\/15752","targetHints":{"allow":["GET"]}}],"collection":[{"href":"https:\/\/portal.fgeo.gob.mx\/index.php\/wp-json\/wp\/v2\/noticias"}],"about":[{"href":"https:\/\/portal.fgeo.gob.mx\/index.php\/wp-json\/wp\/v2\/types\/noticias"}],"author":[{"embeddable":true,"href":"https:\/\/portal.fgeo.gob.mx\/index.php\/wp-json\/wp\/v2\/users\/1"}],"replies":[{"embeddable":true,"href":"https:\/\/portal.fgeo.gob.mx\/index.php\/wp-json\/wp\/v2\/comments?post=15752"}],"wp:featuredmedia":[{"embeddable":true,"href":"https:\/\/portal.fgeo.gob.mx\/index.php\/wp-json\/"}],"wp:attachment":[{"href":"https:\/\/portal.fgeo.gob.mx\/index.php\/wp-json\/wp\/v2\/media?parent=15752"}],"wp:term":[{"taxonomy":"post_tag","embeddable":true,"href":"https:\/\/portal.fgeo.gob.mx\/index.php\/wp-json\/wp\/v2\/tags?post=15752"},{"taxonomy":"categoria_noticias","embeddable":true,"href":"https:\/\/portal.fgeo.gob.mx\/index.php\/wp-json\/wp\/v2\/categoria_noticias?post=15752"}],"curies":[{"name":"wp","href":"https:\/\/api.w.org\/{rel}","templated":true}]}}