{"id":15751,"date":"2023-07-19T15:01:06","date_gmt":"2023-07-19T21:01:06","guid":{"rendered":"http:\/\/fge.oaxaca.gob.mx\/?post_type=noticias&amp;p=5195"},"modified":"2023-07-19T15:01:06","modified_gmt":"2023-07-19T21:01:06","slug":"firman-fgeo-e-icapet-convenio-de-colaboracion-para-impulsar-profesionalizacion-y-fortalecimiento-de-procesos-de-justicia","status":"publish","type":"noticias","link":"https:\/\/portal.fgeo.gob.mx\/index.php\/archivos\/noticias\/firman-fgeo-e-icapet-convenio-de-colaboracion-para-impulsar-profesionalizacion-y-fortalecimiento-de-procesos-de-justicia","title":{"rendered":"Firman FGEO e ICAPET convenio de colaboraci\u00f3n para impulsar profesionalizaci\u00f3n y fortalecimiento de procesos de justicia"},"content":{"rendered":"<p style=\"font-weight: 400; text-align: justify;\"><strong>Oaxaca de Ju\u00e1rez, Oax., a 19 de julio de 2023.-\u00a0<\/strong>\u00a0\u00a0Al suscribir un convenio de colaboraci\u00f3n entre la Fiscal\u00eda General del Estado de Oaxaca (FGEO) y el Instituto de Capacitaci\u00f3n y Productividad para el Trabajo del Estado de Oaxaca (ICAPET), el Fiscal General Bernardo Rodr\u00edguez Alamilla afirm\u00f3 que las alianzas estrat\u00e9gicas en materia de procesos formativos son fundamentales para el fortalecimiento de los procesos de procuraci\u00f3n de justicia.<\/p>\n<p style=\"font-weight: 400; text-align: justify;\">Acompa\u00f1ado por el director del Instituto de Capacitaci\u00f3n y Productividad para el Trabajo del Estado de Oaxaca, Giovanni Jahir Rojas Pacheco; Guadalupe Hern\u00e1ndez Jacinto, directora administrativa del instituto; as\u00ed como Jos\u00e9 Roberto Esteva Balam, director T\u00e9cnico Acad\u00e9mico del ICAPET el Fiscal General resalt\u00f3 que este tipo de convenios generan \u00e1reas de oportunidad.<\/p>\n<p style=\"font-weight: 400; text-align: justify;\">Pues, dijo, el proceso de reingenier\u00eda y fortalecimiento de la FGEO promueve la profesionalizaci\u00f3n y fortalecimiento de las capacidades del personal, lo que se refleja en mejoras sustanciales de los procedimientos del organismo, en beneficio de la sociedad.<\/p>\n<p style=\"font-weight: 400; text-align: justify;\">Por su parte, el director del Instituto de Capacitaci\u00f3n y Productividad para el Trabajo del Estado de Oaxaca, Giovanni Jahir Rojas Pacheco sostuvo que este tipo de convenios impulsan la profesionalizaci\u00f3n de las instituciones, ya que en esta administraci\u00f3n se impulsan procesos de especializaci\u00f3n.<\/p>\n<p style=\"font-weight: 400; text-align: justify;\">A\u00f1adi\u00f3 que el convenio abre la posibilidad de colaborar interinstitucionalmente, aprovechando los conocimientos y experiencia del personal de la Fiscal\u00eda General del Estado, adem\u00e1s de explorar \u00e1reas de oportunidad para ministerios p\u00fablicos, peritos y polic\u00edas de investigaci\u00f3n.<\/p>\n<p style=\"font-weight: 400; text-align: justify;\">La Fiscal\u00eda General del Estado de Oaxaca firm\u00f3 este convenio con el objetivo de desarrollar programas, acciones o proyectos de capacitaci\u00f3n para el trabajo o la certificaci\u00f3n de competencias laborales, a trav\u00e9s de diversos cursos y procesos de formaci\u00f3n, con el prop\u00f3sito de fortalecer al personal en aspectos como derechos humanos, legalidad, sistema de justicia penal y seguridad p\u00fablica, que contribuyan a mejorar la productividad y competencias de las y los trabajadores.<\/p>\n","protected":false},"author":1,"featured_media":3175,"comment_status":"closed","ping_status":"closed","template":"","tags":[],"categoria_noticias":[],"class_list":["post-15751","noticias","type-noticias","status-publish","has-post-thumbnail","hentry"],"acf":[],"mb":[],"mfb_rest_fields":["title","gutenberg_elementor_mode"],"_links":{"self":[{"href":"https:\/\/portal.fgeo.gob.mx\/index.php\/wp-json\/wp\/v2\/noticias\/15751","targetHints":{"allow":["GET"]}}],"collection":[{"href":"https:\/\/portal.fgeo.gob.mx\/index.php\/wp-json\/wp\/v2\/noticias"}],"about":[{"href":"https:\/\/portal.fgeo.gob.mx\/index.php\/wp-json\/wp\/v2\/types\/noticias"}],"author":[{"embeddable":true,"href":"https:\/\/portal.fgeo.gob.mx\/index.php\/wp-json\/wp\/v2\/users\/1"}],"replies":[{"embeddable":true,"href":"https:\/\/portal.fgeo.gob.mx\/index.php\/wp-json\/wp\/v2\/comments?post=15751"}],"wp:featuredmedia":[{"embeddable":true,"href":"https:\/\/portal.fgeo.gob.mx\/index.php\/wp-json\/"}],"wp:attachment":[{"href":"https:\/\/portal.fgeo.gob.mx\/index.php\/wp-json\/wp\/v2\/media?parent=15751"}],"wp:term":[{"taxonomy":"post_tag","embeddable":true,"href":"https:\/\/portal.fgeo.gob.mx\/index.php\/wp-json\/wp\/v2\/tags?post=15751"},{"taxonomy":"categoria_noticias","embeddable":true,"href":"https:\/\/portal.fgeo.gob.mx\/index.php\/wp-json\/wp\/v2\/categoria_noticias?post=15751"}],"curies":[{"name":"wp","href":"https:\/\/api.w.org\/{rel}","templated":true}]}}