{"id":15750,"date":"2023-07-19T12:15:30","date_gmt":"2023-07-19T18:15:30","guid":{"rendered":"http:\/\/fge.oaxaca.gob.mx\/?post_type=noticias&amp;p=5194"},"modified":"2023-07-19T12:15:30","modified_gmt":"2023-07-19T18:15:30","slug":"fiscalia-de-oaxaca-obtiene-sentencia-condenatoria-mayor-a-60-anos-contra-responsable-de-doble-homicidio-cometido-en-la-cuenca","status":"publish","type":"noticias","link":"https:\/\/portal.fgeo.gob.mx\/index.php\/archivos\/noticias\/fiscalia-de-oaxaca-obtiene-sentencia-condenatoria-mayor-a-60-anos-contra-responsable-de-doble-homicidio-cometido-en-la-cuenca","title":{"rendered":"Fiscal\u00eda de Oaxaca obtiene sentencia condenatoria mayor a 60 a\u00f1os contra responsable de doble homicidio cometido en la Cuenca"},"content":{"rendered":"<p style=\"font-weight: 400; text-align: justify;\"><strong>Oaxaca de Ju\u00e1rez, Oax., a 19 de julio de 2023.-\u00a0<\/strong>Una sentencia superior a los 60 a\u00f1os de prisi\u00f3n, obtuvo la Fiscal\u00eda General del Estado de Oaxaca (FGEO) en contra de J. M. P. M., por su responsabilidad en la comisi\u00f3n del delito de Homicidio Calificado en agravio de dos personas y de Lesiones Calificadas, por hechos ocurridos en la regi\u00f3n de la Cuenca del Papaloapan.<\/p>\n<p style=\"font-weight: 400; text-align: justify;\">De acuerdo con el expediente penal, los delitos se cometieron el 7 de junio de 2020, cuando las v\u00edctimas se encontraban en calles del municipio de San Juan Bautista Tuxtepec, a donde lleg\u00f3 J. M. P. M., quien dispar\u00f3 en su contra.<\/p>\n<p style=\"font-weight: 400; text-align: justify;\">Como resultado de la agresi\u00f3n, dos personas del sexo masculino perdieron la vida, quienes fueron identificados como A. C. C. S. y E. V. M., mientras que G. C. S. y M. L. H. F. resultaron lesionados.<\/p>\n<p style=\"font-weight: 400; text-align: justify;\">Ante los hechos, la FGEO tom\u00f3 conocimiento del caso a trav\u00e9s de la Vicefiscal\u00eda Regional de la Cuenca que realiz\u00f3 las investigaciones correspondientes, obteniendo informaci\u00f3n que permiti\u00f3 ejecutar la orden de aprehensi\u00f3n contra un imputado.<\/p>\n<p style=\"font-weight: 400; text-align: justify;\">La Fiscal\u00eda llev\u00f3 a J. M. P. M. ante el Juez, quien evalu\u00f3 los datos de prueba aportados por el Ministerio P\u00fablico, por lo cual dict\u00f3 sentencia condenatoria de 60 a\u00f1os y 14 d\u00edas de prisi\u00f3n, as\u00ed como el pago de m\u00e1s de 868 mil pesos por reparaci\u00f3n del da\u00f1o, por su responsabilidad en la comisi\u00f3n de los delitos de Homicidio Calificado y Lesiones Calificadas.<\/p>\n<p style=\"font-weight: 400; text-align: justify;\">La Fiscal\u00eda de Oaxaca realiza investigaciones rigurosas apegadas a la Ley, adem\u00e1s de usar t\u00e9cnicas cient\u00edficas para fortalecer la teor\u00eda de caso como parte del proceso para que las v\u00edctimas de delitos tengan pleno acceso a la justicia.<\/p>\n","protected":false},"author":1,"featured_media":3175,"comment_status":"closed","ping_status":"closed","template":"","tags":[],"categoria_noticias":[],"class_list":["post-15750","noticias","type-noticias","status-publish","has-post-thumbnail","hentry"],"acf":[],"mb":[],"mfb_rest_fields":["title","gutenberg_elementor_mode"],"_links":{"self":[{"href":"https:\/\/portal.fgeo.gob.mx\/index.php\/wp-json\/wp\/v2\/noticias\/15750","targetHints":{"allow":["GET"]}}],"collection":[{"href":"https:\/\/portal.fgeo.gob.mx\/index.php\/wp-json\/wp\/v2\/noticias"}],"about":[{"href":"https:\/\/portal.fgeo.gob.mx\/index.php\/wp-json\/wp\/v2\/types\/noticias"}],"author":[{"embeddable":true,"href":"https:\/\/portal.fgeo.gob.mx\/index.php\/wp-json\/wp\/v2\/users\/1"}],"replies":[{"embeddable":true,"href":"https:\/\/portal.fgeo.gob.mx\/index.php\/wp-json\/wp\/v2\/comments?post=15750"}],"wp:featuredmedia":[{"embeddable":true,"href":"https:\/\/portal.fgeo.gob.mx\/index.php\/wp-json\/"}],"wp:attachment":[{"href":"https:\/\/portal.fgeo.gob.mx\/index.php\/wp-json\/wp\/v2\/media?parent=15750"}],"wp:term":[{"taxonomy":"post_tag","embeddable":true,"href":"https:\/\/portal.fgeo.gob.mx\/index.php\/wp-json\/wp\/v2\/tags?post=15750"},{"taxonomy":"categoria_noticias","embeddable":true,"href":"https:\/\/portal.fgeo.gob.mx\/index.php\/wp-json\/wp\/v2\/categoria_noticias?post=15750"}],"curies":[{"name":"wp","href":"https:\/\/api.w.org\/{rel}","templated":true}]}}